{"id":12845,"date":"2016-12-09T17:15:26","date_gmt":"2016-12-09T17:15:26","guid":{"rendered":"http:\/\/rurallascolonias.com.ar\/?p=12845"},"modified":"2016-12-09T17:15:26","modified_gmt":"2016-12-09T17:15:26","slug":"consejo-economico-y-social-debatieron-sobre-las-realidades-de-ninos-y-jovenes-de-la-provincia","status":"publish","type":"post","link":"http:\/\/rurallascolonias.com.ar\/?p=12845","title":{"rendered":"Consejo Econ\u00f3mico y Social: Debatieron sobre las realidades de ni\u00f1os y j\u00f3venes de la provincia"},"content":{"rendered":"<p><strong><em><a href=\"http:\/\/rurallascolonias.com.ar\/?attachment_id=12846\" rel=\"attachment wp-att-12846\"><img loading=\"lazy\" class=\"aligncenter wp-image-12846 size-medium\" src=\"http:\/\/rurallascolonias.com.ar\/wp-content\/uploads\/2016\/12\/foto-consejo-300x168.jpg\" alt=\"foto-consejo\" width=\"300\" height=\"168\" srcset=\"http:\/\/rurallascolonias.com.ar\/wp-content\/uploads\/2016\/12\/foto-consejo-300x168.jpg 300w, http:\/\/rurallascolonias.com.ar\/wp-content\/uploads\/2016\/12\/foto-consejo-768x431.jpg 768w, http:\/\/rurallascolonias.com.ar\/wp-content\/uploads\/2016\/12\/foto-consejo.jpg 1024w, http:\/\/rurallascolonias.com.ar\/wp-content\/uploads\/2016\/12\/foto-consejo-600x337.jpg 600w, http:\/\/rurallascolonias.com.ar\/wp-content\/uploads\/2016\/12\/foto-consejo-624x350.jpg 624w\" sizes=\"(max-width: 300px) 100vw, 300px\" \/><\/a>El mag\u00edster en Sociolog\u00eda Mario Siede particip\u00f3 de la reuni\u00f3n y brind\u00f3 herramientas al CEyS para la elaboraci\u00f3n de un diagn\u00f3stico de la realidad provincial en materia de ni\u00f1ez, adolescencia y juventudes<\/em><\/strong><!--more--><\/p>\n<p>El Consejo Econ\u00f3mico y Social de la provincia de Santa Fe (CEyS) realiz\u00f3 este mi\u00e9rcoles la segunda reuni\u00f3n de la Comisi\u00f3n de Infancias y Juventudes. El encuentro cont\u00f3 con la participaci\u00f3n de representantes de instituciones de los sectores trabajador, empresario y social de toda la provincia. La cita se llev\u00f3 a cabo en Zona de Aprendizajes, un espacio del Ministerio de Educaci\u00f3n en la capital santafesina.<\/p>\n<p>&nbsp;<\/p>\n<p>En la apertura del encuentro, la coordinadora del CEyS y Subsecretaria de Desarrollo Estrat\u00e9gico, Mar\u00eda Paz Guti\u00e9rrez, explic\u00f3: \u201cEl objetivo de esta reuni\u00f3n es que los miembros puedan incorporar herramientas metodol\u00f3gicas para comenzar a elaborar un diagn\u00f3stico de la realidad de las infancias y juventudes en la provincia. Es muy importante el aporte desde los diferentes espacios institucionales para poder constituir un diagn\u00f3stico multisectorial\u201d.<\/p>\n<p>&nbsp;<\/p>\n<p>El mag\u00edster en Sociolog\u00eda, Mario Siede, participo como exponente y valor\u00f3 el espacio: \u201cLos consejos Econ\u00f3micos y Sociales son excelentes arenas de producci\u00f3n que tienen la importante tarea de construir conocimientos y proyectos para colaborar en las tomas de decisiones del Ejecutivo\u201d.<\/p>\n<p>&nbsp;<\/p>\n<p><strong>Diagnosticar para el futuro de la provincia<\/strong><br \/>\nSiede explic\u00f3 a las instituciones del CEyS los principales lineamientos que se deben tener en cuenta a la hora de confeccionar el diagn\u00f3stico de la realidad infanto-juvenil provincial y destac\u00f3 la relevancia de la problem\u00e1tica para la provincia: \u201cSi hablamos de ni\u00f1ez y adolescencia estamos trabajando con el 35 % de la poblaci\u00f3n santafesina, y si sumamos el sector juvenil, el 50 %\u201d.<\/p>\n<p>&nbsp;<\/p>\n<p>Asimismo, remarc\u00f3 que: \u201clos aportes que el Consejo haga al gobierno y a la propia sociedad tienen que ver con pensar a futuro. El diagn\u00f3stico es una instancia pilar a la hora de planificar, tenemos que conocer el escenario actual para transformarlo\u201d.<\/p>\n<p>&nbsp;<\/p>\n<p>\u201cNo se trata de ir en cualquier direcci\u00f3n\u201d, a\u00f1adi\u00f3. La provincia cuenta con un Plan Estrat\u00e9gico Provincial que debe ser tomado como base para trabajar en esta comisi\u00f3n\u201d.<\/p>\n<p>&nbsp;<\/p>\n<p>Tras la exposici\u00f3n de Siede, las instituciones trabajaron en formato taller e identificaron diversos problemas de la realidad infanto-juvenil para avanzar en el an\u00e1lisis de la situaci\u00f3n de la provincia.<\/p>\n<p>&nbsp;<\/p>\n<p>Finalmente, se acord\u00f3 que cada instituci\u00f3n contin\u00fae trabajando desde sus espacios para poder definir un estado situacional y pasar, en pr\u00f3ximos encuentros, a la explicaci\u00f3n de los problemas y la b\u00fasqueda de soluciones.<\/p>\n<p>&nbsp;<\/p>\n<p><strong>Participantes<\/strong><br \/>\nLa Comisi\u00f3n cont\u00f3 tambi\u00e9n con la presencia de representantes de la secretar\u00eda de Juventudes, de la subsecretar\u00eda de los Derechos de la Ni\u00f1ez, Adolescencia y Familia, y de la direcci\u00f3n provincial de Educaci\u00f3n Inicial.<\/p>\n<p>&nbsp;<\/p>\n<p>Tambi\u00e9n asistieron las siguientes instituciones: la Uni\u00f3n del Personal Civil de la Naci\u00f3n (UPCN) Santa Fe: la Asociaci\u00f3n del Magisterio de Santa Fe (Amsafe); la Liga de Madres de Familia y la Asociaci\u00f3n Jes\u00fas Misericordioso, ambas de Venado Tuerto; la Iglesia Cat\u00f3lica; la Colectividad Jud\u00eda; la Iglesia Evang\u00e9lica Brazos Abiertos; la Fundaci\u00f3n Espacios de Aprendizaje y Capacitaci\u00f3n de Rafaela; la Federaci\u00f3n de Sindicatos de Trabajadores Municipales (Festam); la Central de Trabajadores de la Argentina (CTA); y la Confederaci\u00f3n de Asociaciones Rurales de Santa Fe (Carsfe).<\/p>\n<p>&nbsp;<\/p>\n<p><strong>Pr\u00f3ximo encuentro<\/strong><br \/>\nEste martes, en la ciudad de Santa Fe, se realizar\u00e1 la cuarta reuni\u00f3n de la Asamblea Plenaria del Consejo Econ\u00f3mico y Social. La cita ser\u00e1 en el Sal\u00f3n Blanco de Casa de Gobierno (3 de Febrero 2649). Se trata del \u00faltimo encuentro del a\u00f1o en el que se evaluar\u00e1n los avances del CEyS durante el 2016.<\/p>\n<p>Fuente: El Litoral<\/p>\n<p>Foto: El Litoral<\/p>\n","protected":false},"excerpt":{"rendered":"<p>El mag\u00edster en Sociolog\u00eda Mario Siede particip\u00f3 de la reuni\u00f3n y brind\u00f3 herramientas al CEyS para la elaboraci\u00f3n de un diagn\u00f3stico de la realidad provincial en materia de ni\u00f1ez, adolescencia y juventudes<\/p>\n","protected":false},"author":5,"featured_media":0,"comment_status":"open","ping_status":"open","sticky":false,"template":"","format":"standard","meta":[],"categories":[14],"tags":[2825],"_links":{"self":[{"href":"http:\/\/rurallascolonias.com.ar\/index.php?rest_route=\/wp\/v2\/posts\/12845"}],"collection":[{"href":"http:\/\/rurallascolonias.com.ar\/index.php?rest_route=\/wp\/v2\/posts"}],"about":[{"href":"http:\/\/rurallascolonias.com.ar\/index.php?rest_route=\/wp\/v2\/types\/post"}],"author":[{"embeddable":true,"href":"http:\/\/rurallascolonias.com.ar\/index.php?rest_route=\/wp\/v2\/users\/5"}],"replies":[{"embeddable":true,"href":"http:\/\/rurallascolonias.com.ar\/index.php?rest_route=%2Fwp%2Fv2%2Fcomments&post=12845"}],"version-history":[{"count":1,"href":"http:\/\/rurallascolonias.com.ar\/index.php?rest_route=\/wp\/v2\/posts\/12845\/revisions"}],"predecessor-version":[{"id":12847,"href":"http:\/\/rurallascolonias.com.ar\/index.php?rest_route=\/wp\/v2\/posts\/12845\/revisions\/12847"}],"wp:attachment":[{"href":"http:\/\/rurallascolonias.com.ar\/index.php?rest_route=%2Fwp%2Fv2%2Fmedia&parent=12845"}],"wp:term":[{"taxonomy":"category","embeddable":true,"href":"http:\/\/rurallascolonias.com.ar\/index.php?rest_route=%2Fwp%2Fv2%2Fcategories&post=12845"},{"taxonomy":"post_tag","embeddable":true,"href":"http:\/\/rurallascolonias.com.ar\/index.php?rest_route=%2Fwp%2Fv2%2Ftags&post=12845"}],"curies":[{"name":"wp","href":"https:\/\/api.w.org\/{rel}","templated":true}]}}