{"id":12820,"date":"2016-12-06T10:25:26","date_gmt":"2016-12-06T10:25:26","guid":{"rendered":"http:\/\/rurallascolonias.com.ar\/?p=12820"},"modified":"2016-12-06T16:28:17","modified_gmt":"2016-12-06T16:28:17","slug":"la-produccion-de-leche-en-nueva-zelanda-caera-por-tercer-ano-consecutivo","status":"publish","type":"post","link":"http:\/\/rurallascolonias.com.ar\/?p=12820","title":{"rendered":"La producci\u00f3n de leche en Nueva Zelanda caer\u00e1 por tercer a\u00f1o consecutivo"},"content":{"rendered":"<p><strong><em><a href=\"http:\/\/rurallascolonias.com.ar\/?attachment_id=12821\" rel=\"attachment wp-att-12821\"><img loading=\"lazy\" class=\"aligncenter wp-image-12821 size-medium\" src=\"http:\/\/rurallascolonias.com.ar\/wp-content\/uploads\/2016\/12\/Nueva-Zelanda-300x133.jpg\" alt=\"nueva-zelanda\" width=\"300\" height=\"133\" srcset=\"http:\/\/rurallascolonias.com.ar\/wp-content\/uploads\/2016\/12\/Nueva-Zelanda-300x133.jpg 300w, http:\/\/rurallascolonias.com.ar\/wp-content\/uploads\/2016\/12\/Nueva-Zelanda-768x341.jpg 768w, http:\/\/rurallascolonias.com.ar\/wp-content\/uploads\/2016\/12\/Nueva-Zelanda-600x266.jpg 600w, http:\/\/rurallascolonias.com.ar\/wp-content\/uploads\/2016\/12\/Nueva-Zelanda-624x277.jpg 624w, http:\/\/rurallascolonias.com.ar\/wp-content\/uploads\/2016\/12\/Nueva-Zelanda.jpg 960w\" sizes=\"(max-width: 300px) 100vw, 300px\" \/><\/a>La suba de precios no ser\u00e1 suficiente para empujar al alza la producci\u00f3n en el principal pa\u00eds exportador de l\u00e1cteos del mundo<\/em><\/strong><!--more--><\/p>\n<p>La producci\u00f3n de leche en Nueva Zelanda volver\u00e1 a caer en 2017, seg\u00fan la primera proyecci\u00f3n para el a\u00f1o que viene publicada por\u00a0 oficina del Departamento de Agricultura de EEUU (USDA) en Wellington seg\u00fan public\u00f3 la consultora Blasina y Asociados.<\/p>\n<p>El rebote en el precio de los l\u00e1cteos ser\u00e1 insuficiente para impulsar una pronta recuperaci\u00f3n en la producci\u00f3n de leche en Nueva Zelanda, que caer\u00e1 0,6% respecto a lo esperado para 2016, seg\u00fan el USDA.<\/p>\n<p>Pese a la recuperaci\u00f3n que vienen registrando los precios internacionales de los l\u00e1cteos desde junio de no ser\u00e1 suficiente para empujar al alza la producci\u00f3n en el principal pa\u00eds exportador de l\u00e1cteos del mundo.<\/p>\n<p>Las industrias han trasferido esa recuperaci\u00f3n al precio pagado a los productores, en el caso de Fonterra, con tres aumentos en cinco meses. Sin embargo, estas mejoras \u201cprobablemente no ser\u00e1n suficientes para estimular un aumento de la oferta de leche\u201d el pr\u00f3ximo a\u00f1o, debido a las amplias deudas acumuladas por los productores durante el periodo de bajos precios de los l\u00e1cteos.<\/p>\n<p>\u201cLa mayor\u00eda de los productores han soportado uno o dos a\u00f1os de p\u00e9rdidas financieras, principalmente por el aumento de la deuda bancaria (\u2026)\u00a0 A medida que se recupere la rentabilidad, el pago de las deudas tendr\u00e1 prioridad sobre las inversiones para aumentar la producci\u00f3n\u201d, se\u00f1al\u00f3 el USDA.<\/p>\n<p>En el largo plazo la producci\u00f3n se recuperar\u00e1 entre 1%-2% anual desde 2018 a 2022. A\u00fan as\u00ed, \u201ces probable que pasen de dos a tres a\u00f1os antes de que la producci\u00f3n nacional de leche vuelva a los niveles alcanzados en 2014\u201d, se\u00f1al\u00f3 en su reporte.<\/p>\n<p>Para las exportaciones de productos l\u00e1cteos, en tanto, se proyecta un descenso del 1,3% en 2017, incluyendo una ca\u00edda de 0,8% en los env\u00edos de leche en polvo entera, a un m\u00ednimo de cuatro a\u00f1os de 1,31 millones de toneladas.<\/p>\n<p>Fuente: Infocampo<\/p>\n","protected":false},"excerpt":{"rendered":"<p>La suba de precios no ser\u00e1 suficiente para empujar al alza la producci\u00f3n en el principal pa\u00eds exportador de l\u00e1cteos del mundo<\/p>\n","protected":false},"author":5,"featured_media":0,"comment_status":"open","ping_status":"open","sticky":false,"template":"","format":"standard","meta":[],"categories":[42],"tags":[10,282,744],"_links":{"self":[{"href":"http:\/\/rurallascolonias.com.ar\/index.php?rest_route=\/wp\/v2\/posts\/12820"}],"collection":[{"href":"http:\/\/rurallascolonias.com.ar\/index.php?rest_route=\/wp\/v2\/posts"}],"about":[{"href":"http:\/\/rurallascolonias.com.ar\/index.php?rest_route=\/wp\/v2\/types\/post"}],"author":[{"embeddable":true,"href":"http:\/\/rurallascolonias.com.ar\/index.php?rest_route=\/wp\/v2\/users\/5"}],"replies":[{"embeddable":true,"href":"http:\/\/rurallascolonias.com.ar\/index.php?rest_route=%2Fwp%2Fv2%2Fcomments&post=12820"}],"version-history":[{"count":1,"href":"http:\/\/rurallascolonias.com.ar\/index.php?rest_route=\/wp\/v2\/posts\/12820\/revisions"}],"predecessor-version":[{"id":12822,"href":"http:\/\/rurallascolonias.com.ar\/index.php?rest_route=\/wp\/v2\/posts\/12820\/revisions\/12822"}],"wp:attachment":[{"href":"http:\/\/rurallascolonias.com.ar\/index.php?rest_route=%2Fwp%2Fv2%2Fmedia&parent=12820"}],"wp:term":[{"taxonomy":"category","embeddable":true,"href":"http:\/\/rurallascolonias.com.ar\/index.php?rest_route=%2Fwp%2Fv2%2Fcategories&post=12820"},{"taxonomy":"post_tag","embeddable":true,"href":"http:\/\/rurallascolonias.com.ar\/index.php?rest_route=%2Fwp%2Fv2%2Ftags&post=12820"}],"curies":[{"name":"wp","href":"https:\/\/api.w.org\/{rel}","templated":true}]}}