{"id":1282,"date":"2014-02-10T16:22:58","date_gmt":"2014-02-10T16:22:58","guid":{"rendered":"http:\/\/rurallascolonias.com.ar\/?p=1282"},"modified":"2014-02-10T16:22:58","modified_gmt":"2014-02-10T16:22:58","slug":"una-devaluacion-con-mala-leche","status":"publish","type":"post","link":"http:\/\/rurallascolonias.com.ar\/?p=1282","title":{"rendered":"UNA DEVALUACI\u00d3N CON MALA LECHE"},"content":{"rendered":"<p><a href=\"http:\/\/rurallascolonias.com.ar\/wp-content\/uploads\/2014\/02\/dolar-pesos-300x248.jpeg\"><img loading=\"lazy\" class=\"aligncenter size-full wp-image-1283\" alt=\"dolar-pesos-300x248\" src=\"http:\/\/rurallascolonias.com.ar\/wp-content\/uploads\/2014\/02\/dolar-pesos-300x248.jpeg\" width=\"300\" height=\"248\" \/><\/a>* Pese a que el precio internacional de la leche en polvo es de US$5.064, un 37% m\u00e1s que en enero de 2013, y que la Argentina sigue exportando, las l\u00edderes del negocio, SanCor y la Seren\u00edsima, la est\u00e1n pasando mal.\u00a0Es que el d\u00f3lar oficial a $8 les complica el pago de sus suculentas deudas dolarizadas. <!--more-->Las empresas pidieron un ajuste en los precios al p\u00fablico al Gobierno, que a\u00fan no les habr\u00eda dado respuesta. Pascual Mastellone, alma de La Seren\u00edsima, est\u00e1 de licencia por problemas de salud, y la empresa, hoy bajo la batuta de Jos\u00e9 Moreno, plante\u00f3 un ajuste de 7%. Por cierto, el sector est\u00e1 de lo m\u00e1s movido.<\/p>\n<p>* Nestl\u00e9 acaba de trasladar al ejecutivo argentino que llevaba las riendas en Brasil, Pablo Devoto, a Chile, que surge como la nueva gran sede regional. Y la canadiense Saputo, due\u00f1a de La Paulina, Rubio y Molfino, est\u00e1 a la caza de nuevas oportunidades.<br \/>\nPor Silvia Naishtat<\/p>\n<p>Fuente: www.ieco.clarin.com<\/p>\n","protected":false},"excerpt":{"rendered":"<p>* Pese a que el precio internacional de la leche en polvo es de US$5.064, un 37% m\u00e1s que en enero de 2013, y que la Argentina sigue exportando, las l\u00edderes del negocio, SanCor y la Seren\u00edsima, la est\u00e1n pasando mal.\u00a0Es que el d\u00f3lar oficial a $8 les complica el pago de sus suculentas deudas [&hellip;]<\/p>\n","protected":false},"author":5,"featured_media":0,"comment_status":"closed","ping_status":"closed","sticky":false,"template":"","format":"standard","meta":[],"categories":[46],"tags":[452,513],"_links":{"self":[{"href":"http:\/\/rurallascolonias.com.ar\/index.php?rest_route=\/wp\/v2\/posts\/1282"}],"collection":[{"href":"http:\/\/rurallascolonias.com.ar\/index.php?rest_route=\/wp\/v2\/posts"}],"about":[{"href":"http:\/\/rurallascolonias.com.ar\/index.php?rest_route=\/wp\/v2\/types\/post"}],"author":[{"embeddable":true,"href":"http:\/\/rurallascolonias.com.ar\/index.php?rest_route=\/wp\/v2\/users\/5"}],"replies":[{"embeddable":true,"href":"http:\/\/rurallascolonias.com.ar\/index.php?rest_route=%2Fwp%2Fv2%2Fcomments&post=1282"}],"version-history":[{"count":1,"href":"http:\/\/rurallascolonias.com.ar\/index.php?rest_route=\/wp\/v2\/posts\/1282\/revisions"}],"predecessor-version":[{"id":1284,"href":"http:\/\/rurallascolonias.com.ar\/index.php?rest_route=\/wp\/v2\/posts\/1282\/revisions\/1284"}],"wp:attachment":[{"href":"http:\/\/rurallascolonias.com.ar\/index.php?rest_route=%2Fwp%2Fv2%2Fmedia&parent=1282"}],"wp:term":[{"taxonomy":"category","embeddable":true,"href":"http:\/\/rurallascolonias.com.ar\/index.php?rest_route=%2Fwp%2Fv2%2Fcategories&post=1282"},{"taxonomy":"post_tag","embeddable":true,"href":"http:\/\/rurallascolonias.com.ar\/index.php?rest_route=%2Fwp%2Fv2%2Ftags&post=1282"}],"curies":[{"name":"wp","href":"https:\/\/api.w.org\/{rel}","templated":true}]}}