{"id":12815,"date":"2016-12-06T16:14:53","date_gmt":"2016-12-06T16:14:53","guid":{"rendered":"http:\/\/rurallascolonias.com.ar\/?p=12815"},"modified":"2016-12-06T16:14:53","modified_gmt":"2016-12-06T16:14:53","slug":"afirman-que-falta-transparencia-en-el-mercado-lacteo","status":"publish","type":"post","link":"http:\/\/rurallascolonias.com.ar\/?p=12815","title":{"rendered":"Afirman que falta transparencia en el mercado l\u00e1cteo"},"content":{"rendered":"<p><strong><em><a href=\"http:\/\/rurallascolonias.com.ar\/?attachment_id=11302\" rel=\"attachment wp-att-11302\"><img loading=\"lazy\" class=\"alignleft size-full wp-image-11302\" src=\"http:\/\/rurallascolonias.com.ar\/wp-content\/uploads\/2016\/07\/CHEMES-2.jpg\" alt=\"CHEMES 2\" width=\"337\" height=\"149\" srcset=\"http:\/\/rurallascolonias.com.ar\/wp-content\/uploads\/2016\/07\/CHEMES-2.jpg 337w, http:\/\/rurallascolonias.com.ar\/wp-content\/uploads\/2016\/07\/CHEMES-2-300x133.jpg 300w\" sizes=\"(max-width: 337px) 100vw, 337px\" \/><\/a>Jorge Chemes, afirm\u00f3 hoy que la necesidad de adoptar medidas para transparentar la comercializaci\u00f3n de la producci\u00f3n l\u00e1ctea es un de las materias pendientes del gobierno de Mauricio Macri<\/em><\/strong><!--more--><\/p>\n<p>El vicepresidente de Confederaciones Rurales Argentinas (CRA), Jorge Chemes, afirm\u00f3 hoy que la necesidad de adoptar medidas para \u201ctransparentar\u201d la comercializaci\u00f3n de la producci\u00f3n l\u00e1ctea y de las econom\u00edas regionales es un de las \u201cmaterias pendientes\u201d del gobierno de Mauricio Macri tras su primer a\u00f1o de gesti\u00f3n.<\/p>\n<p>\u201cB\u00e1sicamente hay problemas para transparentar la cadena (comercial) en el sector lechero y tambi\u00e9n en las econom\u00edas regionales, donde se ve que todo lo que no tenga un mercado de referencia hace que la cadena comercial no sea clara: hay eslabones intermedios que se benefician con un precio en desmedro de los productores\u201d, refiri\u00f3 Chemes.<\/p>\n<p>El ruralista -en di\u00e1logo con radio Colonia- coment\u00f3 que por ello \u201chay que buscar la transparencia de la cadena\u201d tanto en la compra de leche como de otros productos de las distintas regiones productivas.<\/p>\n<p>\u201cMuchas veces por conveniencia, durante los \u00faltimos a\u00f1os, esto no se quiso hacer\u201d, explic\u00f3 Chemes.<\/p>\n<p>El dirigente confederado manifest\u00f3 que el \u201cclima castig\u00f3 fuerte\u201d a la lecher\u00eda en el arranque del segundo trimestre del a\u00f1o, especialmente con lluvias que inundaron campos en Santa Fe y C\u00f3rdoba, hecho que \u201cagrav\u00f3 la situaci\u00f3n de falta de rentabilidad y precio\u201d que ofrec\u00eda la leche cruda.<\/p>\n<p>\u201cEsto no se ha solucionado, ya que hemos tenido una recuperaci\u00f3n de precios pero no se solucionaron los problemas estructurales para decir que estamos en una franca recuperaci\u00f3n\u201d, explic\u00f3.<\/p>\n<p>Consultado sobre el primer a\u00f1o de mandato de Mauricio Macri, Chemes coment\u00f3 que \u201cen la parte agr\u00edcola hemos tenido una buena respuesta y la ganadera pinta muy bien y con buenas perspectivas, en las materias pendientes apuntar\u00eda a las econom\u00edas regionales y tambi\u00e9n a los lecheros\u201d.<\/p>\n<p>All\u00ed, el dirigente confederado coment\u00f3 que el gobierno nacional debe avanzar con pol\u00edticas que permitan devolver rentabilidad al sector tambero y tambi\u00e9n fortalecer el desarrollo del financiamiento para el sector productivo primario.<\/p>\n<p>En este sentido, en las \u00faltimas semanas, el subsecretario de Lecher\u00eda, Alejandro Sammartino, est\u00e1 recorriendo las distintas cuencas presentando el nuevo Sistema Integrado de Gesti\u00f3n de la Lecher\u00eda Argentina (SIGLEA), donde se recogen todos los datos de provisi\u00f3n y comercializaci\u00f3n de leche por parte de los tambos ante las industrias.<\/p>\n<p>All\u00ed se busca obtener datos de referencia sobre la liquidaci\u00f3n electr\u00f3nica realizadas en el sector, si bien el sistema es apoyado por el sector productos, tambi\u00e9n cosech\u00f3 algunas objeciones.<\/p>\n<p>Agencia DyN<br \/>\nhttp:\/\/www.agritotal.com<\/p>\n","protected":false},"excerpt":{"rendered":"<p>Jorge Chemes, afirm\u00f3 hoy que la necesidad de adoptar medidas para transparentar la comercializaci\u00f3n de la producci\u00f3n l\u00e1ctea es un de las materias pendientes del gobierno de Mauricio Macri<\/p>\n","protected":false},"author":5,"featured_media":0,"comment_status":"open","ping_status":"open","sticky":false,"template":"","format":"standard","meta":[],"categories":[46],"tags":[889,883,882],"_links":{"self":[{"href":"http:\/\/rurallascolonias.com.ar\/index.php?rest_route=\/wp\/v2\/posts\/12815"}],"collection":[{"href":"http:\/\/rurallascolonias.com.ar\/index.php?rest_route=\/wp\/v2\/posts"}],"about":[{"href":"http:\/\/rurallascolonias.com.ar\/index.php?rest_route=\/wp\/v2\/types\/post"}],"author":[{"embeddable":true,"href":"http:\/\/rurallascolonias.com.ar\/index.php?rest_route=\/wp\/v2\/users\/5"}],"replies":[{"embeddable":true,"href":"http:\/\/rurallascolonias.com.ar\/index.php?rest_route=%2Fwp%2Fv2%2Fcomments&post=12815"}],"version-history":[{"count":1,"href":"http:\/\/rurallascolonias.com.ar\/index.php?rest_route=\/wp\/v2\/posts\/12815\/revisions"}],"predecessor-version":[{"id":12816,"href":"http:\/\/rurallascolonias.com.ar\/index.php?rest_route=\/wp\/v2\/posts\/12815\/revisions\/12816"}],"wp:attachment":[{"href":"http:\/\/rurallascolonias.com.ar\/index.php?rest_route=%2Fwp%2Fv2%2Fmedia&parent=12815"}],"wp:term":[{"taxonomy":"category","embeddable":true,"href":"http:\/\/rurallascolonias.com.ar\/index.php?rest_route=%2Fwp%2Fv2%2Fcategories&post=12815"},{"taxonomy":"post_tag","embeddable":true,"href":"http:\/\/rurallascolonias.com.ar\/index.php?rest_route=%2Fwp%2Fv2%2Ftags&post=12815"}],"curies":[{"name":"wp","href":"https:\/\/api.w.org\/{rel}","templated":true}]}}