{"id":12766,"date":"2016-11-30T10:00:52","date_gmt":"2016-11-30T10:00:52","guid":{"rendered":"http:\/\/rurallascolonias.com.ar\/?p=12766"},"modified":"2016-11-30T17:01:46","modified_gmt":"2016-11-30T17:01:46","slug":"hoy-asamblea-del-ateneo-rural-las-colonias","status":"publish","type":"post","link":"http:\/\/rurallascolonias.com.ar\/?p=12766","title":{"rendered":"HOY ASAMBLEA DEL ATENEO RURAL LAS COLONIAS"},"content":{"rendered":"<p><strong><em><a href=\"http:\/\/rurallascolonias.com.ar\/?attachment_id=6338\" rel=\"attachment wp-att-6338\"><img loading=\"lazy\" class=\"alignleft size-full wp-image-6338\" src=\"http:\/\/rurallascolonias.com.ar\/wp-content\/uploads\/2015\/04\/Ateneo-y-La-Rural3.png\" alt=\"Ateneo y La Rural\" width=\"111\" height=\"103\" \/><\/a>El Ateneo Las Colonias tiene el agrado de invitarlo a participar de la Asamblea General Ordinaria del Ateneo Juvenil de la Sociedad Rural de Las Colonias, que se realizar\u00e1 el d\u00eda de hoy Mi\u00e9rcoles 30 de Noviembre a partir de las 20.00 horas en el sal\u00f3n de la Sociedad Rural<\/em><\/strong><!--more--><\/p>\n<p>sito en calle 25 de Mayo 1676 de la ciudad de Esperanza, para tratar lo siguiente:<\/p>\n<p>ORDEN DEL D\u00cdA<\/p>\n<ul>\n<li>Lectura y aprobaci\u00f3n del \u00faltimo Acta.<\/li>\n<li>Designaci\u00f3n de asamble\u00edsta para que firme el acta de la Asamblea.<\/li>\n<li>Consideraci\u00f3n de la Memoria y Balance correspondientes al per\u00edodo Diciembre 2015 \u2013 Noviembre 2016.<\/li>\n<li>Renovaci\u00f3n total de la comisi\u00f3n del Ateneo Juvenil SRLC:<\/li>\n<\/ul>\n<p>Presidente<\/p>\n<p>Vicepresidente<\/p>\n<p>Secretario<\/p>\n<p>Prosecretario<\/p>\n<p>Tesorero<\/p>\n<p>Protesorero<\/p>\n<p>Primer, Segundo y Tercer Vocales Titulares.<\/p>\n<p>Primer, Segundo y Tercer Vocales Suplentes.<\/p>\n<p>&nbsp;<\/p>\n<p>&nbsp;<\/p>\n<p><strong>Eric Aguirre\u00a0\u00a0\u00a0\u00a0\u00a0\u00a0\u00a0\u00a0\u00a0\u00a0\u00a0\u00a0\u00a0\u00a0\u00a0\u00a0\u00a0\u00a0\u00a0\u00a0\u00a0\u00a0\u00a0\u00a0\u00a0\u00a0\u00a0 Xavier Varisco<\/strong><\/p>\n<p><strong>Secretario.\u00a0\u00a0\u00a0\u00a0\u00a0\u00a0\u00a0\u00a0\u00a0\u00a0\u00a0\u00a0\u00a0\u00a0\u00a0\u00a0\u00a0\u00a0\u00a0\u00a0\u00a0\u00a0\u00a0\u00a0\u00a0\u00a0\u00a0\u00a0\u00a0\u00a0 Presidente.<\/strong><\/p>\n<p>Ser\u00e1 de nuestro agrado poder contar con su presencia. Provecho la oportunidad para saludarlo muy atentamente.<\/p>\n<p><strong>Xavier Varisco<\/strong><\/p>\n<p><strong>Presidente.<\/strong><\/p>\n","protected":false},"excerpt":{"rendered":"<p>El Ateneo Las Colonias tiene el agrado de invitarlo a participar de la Asamblea General Ordinaria del Ateneo Juvenil de la Sociedad Rural de Las Colonias, que se realizar\u00e1 el d\u00eda de hoy Mi\u00e9rcoles 30 de Noviembre a partir de las 20.00 horas en el sal\u00f3n de la Sociedad Rural<\/p>\n","protected":false},"author":5,"featured_media":0,"comment_status":"open","ping_status":"open","sticky":false,"template":"","format":"standard","meta":[],"categories":[29],"tags":[1154,1018],"_links":{"self":[{"href":"http:\/\/rurallascolonias.com.ar\/index.php?rest_route=\/wp\/v2\/posts\/12766"}],"collection":[{"href":"http:\/\/rurallascolonias.com.ar\/index.php?rest_route=\/wp\/v2\/posts"}],"about":[{"href":"http:\/\/rurallascolonias.com.ar\/index.php?rest_route=\/wp\/v2\/types\/post"}],"author":[{"embeddable":true,"href":"http:\/\/rurallascolonias.com.ar\/index.php?rest_route=\/wp\/v2\/users\/5"}],"replies":[{"embeddable":true,"href":"http:\/\/rurallascolonias.com.ar\/index.php?rest_route=%2Fwp%2Fv2%2Fcomments&post=12766"}],"version-history":[{"count":1,"href":"http:\/\/rurallascolonias.com.ar\/index.php?rest_route=\/wp\/v2\/posts\/12766\/revisions"}],"predecessor-version":[{"id":12767,"href":"http:\/\/rurallascolonias.com.ar\/index.php?rest_route=\/wp\/v2\/posts\/12766\/revisions\/12767"}],"wp:attachment":[{"href":"http:\/\/rurallascolonias.com.ar\/index.php?rest_route=%2Fwp%2Fv2%2Fmedia&parent=12766"}],"wp:term":[{"taxonomy":"category","embeddable":true,"href":"http:\/\/rurallascolonias.com.ar\/index.php?rest_route=%2Fwp%2Fv2%2Fcategories&post=12766"},{"taxonomy":"post_tag","embeddable":true,"href":"http:\/\/rurallascolonias.com.ar\/index.php?rest_route=%2Fwp%2Fv2%2Ftags&post=12766"}],"curies":[{"name":"wp","href":"https:\/\/api.w.org\/{rel}","templated":true}]}}