{"id":12763,"date":"2016-11-30T13:48:57","date_gmt":"2016-11-30T13:48:57","guid":{"rendered":"http:\/\/rurallascolonias.com.ar\/?p=12763"},"modified":"2016-11-30T13:48:57","modified_gmt":"2016-11-30T13:48:57","slug":"proponen-declarar-la-emergencia-agropecuaria-para-localidades-santafesinas-afectadas-por-granizo","status":"publish","type":"post","link":"http:\/\/rurallascolonias.com.ar\/?p=12763","title":{"rendered":"Proponen declarar la emergencia agropecuaria para localidades santafesinas afectadas por granizo"},"content":{"rendered":"<h2><strong><em><a href=\"http:\/\/rurallascolonias.com.ar\/?attachment_id=12764\" rel=\"attachment wp-att-12764\"><img loading=\"lazy\" class=\"aligncenter wp-image-12764 size-medium\" src=\"http:\/\/rurallascolonias.com.ar\/wp-content\/uploads\/2016\/11\/IMG-20161129-WA0011-300x225.jpg\" alt=\"img-20161129-wa0011\" width=\"300\" height=\"225\" srcset=\"http:\/\/rurallascolonias.com.ar\/wp-content\/uploads\/2016\/11\/IMG-20161129-WA0011-300x225.jpg 300w, http:\/\/rurallascolonias.com.ar\/wp-content\/uploads\/2016\/11\/IMG-20161129-WA0011-768x576.jpg 768w, http:\/\/rurallascolonias.com.ar\/wp-content\/uploads\/2016\/11\/IMG-20161129-WA0011-1024x768.jpg 1024w, http:\/\/rurallascolonias.com.ar\/wp-content\/uploads\/2016\/11\/IMG-20161129-WA0011-600x450.jpg 600w, http:\/\/rurallascolonias.com.ar\/wp-content\/uploads\/2016\/11\/IMG-20161129-WA0011-624x468.jpg 624w, http:\/\/rurallascolonias.com.ar\/wp-content\/uploads\/2016\/11\/IMG-20161129-WA0011.jpg 1280w\" sizes=\"(max-width: 300px) 100vw, 300px\" \/><\/a>La recomendaci\u00f3n incluye \u00e1reas de los departamentos Castellanos, Las Colonias, La Capital, San Justo y Garay<\/em><\/strong><\/h2>\n<p><!--more--><\/p>\n<p>Se llev\u00f3 a cabo este martes un nuevo encuentro de la Comisi\u00f3n Provincial de Emergencia Agropecuaria, reuni\u00f3n convocada por el Ministerio de la Producci\u00f3n con el fin de realizar una evaluaci\u00f3n de los da\u00f1os sufridos por diferentes \u00e1reas productivas como consecuencia del temporal de granizo del pasado 10 de noviembre.<\/p>\n<p>El encuentro se concret\u00f3 en la Sociedad Rural de Santa Fe y cont\u00f3 con la presencia del secretario de Agricultura, Ganader\u00eda y Recursos Naturales, Marcelo Bargellini; y el subsecretario de Agricultura, Diego Fournell, adem\u00e1s de legisladores provinciales, representantes de distintas \u00e1reas de gobierno, delegados de entidades vinculadas a la actividad agropecuaria de la provincia y representantes del Instituto Nacional de Tecnolog\u00eda Agropecuaria (INTA), entre otros.<\/p>\n<p>Luego de la reuni\u00f3n, el secretario de Agricultura, Ganader\u00eda y Recursos Naturales, Marcelo Bargellini, detall\u00f3: \u201cPresentamos un informe que realiz\u00f3 nuestra secretar\u00eda en conjunto con el INTA, en el que se incluy\u00f3 un relevamiento de los distintos distritos y el grado de afectaci\u00f3n de los cultivos y la producci\u00f3n en general. Este trabajo fue presentado ante la Comisi\u00f3n, \u00e1mbito que propondr\u00e1 al Ejecutivo provincial la declaraci\u00f3n de emergencia para las \u00e1reas afectadas por el temporal, por un per\u00edodo de seis meses\u201d.<\/p>\n<p>Se trata de los distritos Esmeralda, Garibaldi, Zen\u00f3n Pereyra, Eustolia, Mar\u00eda Juana, Clucellas, Colonia Iturraspe, Ang\u00e9lica y Aurelia Sur, en el departamento Castellanos; Sa Pereyra, Santa Mar\u00eda Centro, Santa Mar\u00eda Norte, Pilar, Humboldt, Colonia Nueva, Nuevo Torino, Felicia, Colonia Rivadavia, Grutly, Cavour, ABC Culul\u00fa y Culul\u00fa, en el departamento Las Colonias; Nelson, Llambi Campbell, Emilia, Cabal, Aromos y Campo Andino, en el departamento La Capital; Cayastacito y Marcelino Escalada, en el departamento San Justo; y Cayast\u00e1 y Santa Rosa de Calchines, en el departamento Garay.<\/p>\n<p>\u201cEn un lapso de 72 horas, los representantes de cada departamento realizar\u00e1n una evaluaci\u00f3n para determinar si resta incluir alg\u00fan otro distrito\u201d, agreg\u00f3 Bargellini.<\/p>\n<p>Finalmente, el secretario record\u00f3 que \u201clos productores que sean alcanzados por la emergencia podr\u00e1n obtener beneficios de exenciones impositivas y, de homologarse a nivel nacional, la provincia lograr\u00e1 fondos para implementar asistencia directa\u201d.<\/p>\n<p><strong>Fuente: Nuestro Agro<\/strong><\/p>\n","protected":false},"excerpt":{"rendered":"<p>La recomendaci\u00f3n incluye \u00e1reas de los departamentos Castellanos, Las Colonias, La Capital, San Justo y Garay<\/p>\n","protected":false},"author":5,"featured_media":0,"comment_status":"open","ping_status":"open","sticky":false,"template":"","format":"standard","meta":[],"categories":[42],"tags":[747,1762],"_links":{"self":[{"href":"http:\/\/rurallascolonias.com.ar\/index.php?rest_route=\/wp\/v2\/posts\/12763"}],"collection":[{"href":"http:\/\/rurallascolonias.com.ar\/index.php?rest_route=\/wp\/v2\/posts"}],"about":[{"href":"http:\/\/rurallascolonias.com.ar\/index.php?rest_route=\/wp\/v2\/types\/post"}],"author":[{"embeddable":true,"href":"http:\/\/rurallascolonias.com.ar\/index.php?rest_route=\/wp\/v2\/users\/5"}],"replies":[{"embeddable":true,"href":"http:\/\/rurallascolonias.com.ar\/index.php?rest_route=%2Fwp%2Fv2%2Fcomments&post=12763"}],"version-history":[{"count":1,"href":"http:\/\/rurallascolonias.com.ar\/index.php?rest_route=\/wp\/v2\/posts\/12763\/revisions"}],"predecessor-version":[{"id":12765,"href":"http:\/\/rurallascolonias.com.ar\/index.php?rest_route=\/wp\/v2\/posts\/12763\/revisions\/12765"}],"wp:attachment":[{"href":"http:\/\/rurallascolonias.com.ar\/index.php?rest_route=%2Fwp%2Fv2%2Fmedia&parent=12763"}],"wp:term":[{"taxonomy":"category","embeddable":true,"href":"http:\/\/rurallascolonias.com.ar\/index.php?rest_route=%2Fwp%2Fv2%2Fcategories&post=12763"},{"taxonomy":"post_tag","embeddable":true,"href":"http:\/\/rurallascolonias.com.ar\/index.php?rest_route=%2Fwp%2Fv2%2Ftags&post=12763"}],"curies":[{"name":"wp","href":"https:\/\/api.w.org\/{rel}","templated":true}]}}