{"id":12761,"date":"2016-11-30T13:42:28","date_gmt":"2016-11-30T13:42:28","guid":{"rendered":"http:\/\/rurallascolonias.com.ar\/?p=12761"},"modified":"2016-11-30T13:42:28","modified_gmt":"2016-11-30T13:42:28","slug":"se-volvio-a-reunir-el-consejo-federal-lechero","status":"publish","type":"post","link":"http:\/\/rurallascolonias.com.ar\/?p=12761","title":{"rendered":"Se volvi\u00f3 a reunir el Consejo Federal Lechero"},"content":{"rendered":"<p><strong><em><a href=\"http:\/\/rurallascolonias.com.ar\/?attachment_id=11221\" rel=\"attachment wp-att-11221\"><img loading=\"lazy\" class=\"alignleft size-full wp-image-11221\" src=\"http:\/\/rurallascolonias.com.ar\/wp-content\/uploads\/2016\/07\/SANMARTINO.jpg\" alt=\"SANMARTINO\" width=\"225\" height=\"225\" srcset=\"http:\/\/rurallascolonias.com.ar\/wp-content\/uploads\/2016\/07\/SANMARTINO.jpg 225w, http:\/\/rurallascolonias.com.ar\/wp-content\/uploads\/2016\/07\/SANMARTINO-150x150.jpg 150w\" sizes=\"(max-width: 225px) 100vw, 225px\" \/><\/a><\/em><em>EN LA SEGUNDA CITA DEL A\u00d1O YA SE FIJ\u00d3 LA PR\u00d3XIMA FECHA PARA EL 8 DE FEBRERO EN LA CIUDAD DE SANTA FE<\/em><\/strong><!--more--><\/p>\n<p>Ayer, en Villa Mar\u00eda, provincia de C\u00f3rdoba se hizo el segundo encuentro del a\u00f1o del Consejo Federal Lechero. Luego de la reuni\u00f3n de abril, el subsecretario de Lecher\u00eda de la Naci\u00f3n, Alejandro Sammartino encabez\u00f3 la cita que tuvo presencias de todas las provincias que abarcan al sector a nivel nacional.<br \/>\nAdem\u00e1s de haberse hecho una nueva presentaci\u00f3n formal del Sistema Integrado de Gesti\u00f3n de la Lecher\u00eda Argentina y su consecuente detalle de la nueva Liquidaci\u00f3n \u00danica, a nivel general se plantearon necesidades como las de encuentros m\u00e1s peri\u00f3dicos, por lo tanto, con la idea de encontrarse cada 60 d\u00edas, ser\u00e1 en la ciudad de Santa Fe que el pr\u00f3ximo 8 de febrero se den cita los mismos protagonistas, para no perder el hilo y la secuencia de temas.<br \/>\nRepresentada por el secretario de Lecher\u00eda, Pedro Morini, nuestra provincia de Santa Fe dej\u00f3 establecido una vez m\u00e1s el pedido de generar una base de financiamiento especial para productores, sobre todo los m\u00e1s chicos y afectados por los diversos fen\u00f3menos clim\u00e1ticos del a\u00f1o. Fue as\u00ed que se le comunic\u00f3 que supuestamente en las pr\u00f3ximas semanas el Ministro de Agroindustria de la Naci\u00f3n firmar\u00eda el compromiso para conformar un fideicomiso por unos mil millones de pesos que se pueda devolver a cinco a\u00f1os y tomando los valores y cantidades de producci\u00f3n. El esquema debe ser por fuera de los bancos, ya que la mayor\u00eda de los posibles beneficiarios est\u00e1n endeudados con las entidades de cr\u00e9dito tradicional.<br \/>\nAdem\u00e1s se volvi\u00f3 sobre la carga del costo laboral. Un tema que preocupa a todos los tama\u00f1os de empresas l\u00e1cteas, pero que afecta de lleno a las peque\u00f1as y medianas, se le pidi\u00f3 al Gobierno Nacional que siga adelante con las negociaciones que permitan una racionalizaci\u00f3n en los pedidos salariales y de pagos extraordinarios como es el caso de los aportes solidarios que mensualmente generan cargas de m\u00e1s de tres mil pesos por empleado, a una caja directa de la gremial lechera.<br \/>\nEn tanto, se hizo menci\u00f3n en el encuentro al debate eterno de la participaci\u00f3n en la renta lechera, que para la Naci\u00f3n se ubicar\u00eda en el 28 por ciento, pero ya tomando precios proyectados al verano, cifra discutida desde las provincias que sostienen que no se superan los 25 puntos en este sentido, mientras los precios en g\u00f3ndola se est\u00e1n ajustando en alza y falta para que al productor le lleguen los ajustes reales en el pago por la materia prima. Lo remarcable es el encuentro y la voluntad de seguir sosteniendo este \u00e1mbito que estaba en absoluto abandonado por la administraci\u00f3n anterior.<\/p>\n<p>Elida Thiery<\/p>\n","protected":false},"excerpt":{"rendered":"<p>EN LA SEGUNDA CITA DEL A\u00d1O YA SE FIJ\u00d3 LA PR\u00d3XIMA FECHA PARA EL 8 DE FEBRERO EN LA CIUDAD DE SANTA FE<\/p>\n","protected":false},"author":5,"featured_media":0,"comment_status":"open","ping_status":"open","sticky":false,"template":"","format":"standard","meta":[],"categories":[42],"tags":[3383,89],"_links":{"self":[{"href":"http:\/\/rurallascolonias.com.ar\/index.php?rest_route=\/wp\/v2\/posts\/12761"}],"collection":[{"href":"http:\/\/rurallascolonias.com.ar\/index.php?rest_route=\/wp\/v2\/posts"}],"about":[{"href":"http:\/\/rurallascolonias.com.ar\/index.php?rest_route=\/wp\/v2\/types\/post"}],"author":[{"embeddable":true,"href":"http:\/\/rurallascolonias.com.ar\/index.php?rest_route=\/wp\/v2\/users\/5"}],"replies":[{"embeddable":true,"href":"http:\/\/rurallascolonias.com.ar\/index.php?rest_route=%2Fwp%2Fv2%2Fcomments&post=12761"}],"version-history":[{"count":1,"href":"http:\/\/rurallascolonias.com.ar\/index.php?rest_route=\/wp\/v2\/posts\/12761\/revisions"}],"predecessor-version":[{"id":12762,"href":"http:\/\/rurallascolonias.com.ar\/index.php?rest_route=\/wp\/v2\/posts\/12761\/revisions\/12762"}],"wp:attachment":[{"href":"http:\/\/rurallascolonias.com.ar\/index.php?rest_route=%2Fwp%2Fv2%2Fmedia&parent=12761"}],"wp:term":[{"taxonomy":"category","embeddable":true,"href":"http:\/\/rurallascolonias.com.ar\/index.php?rest_route=%2Fwp%2Fv2%2Fcategories&post=12761"},{"taxonomy":"post_tag","embeddable":true,"href":"http:\/\/rurallascolonias.com.ar\/index.php?rest_route=%2Fwp%2Fv2%2Ftags&post=12761"}],"curies":[{"name":"wp","href":"https:\/\/api.w.org\/{rel}","templated":true}]}}