{"id":12673,"date":"2016-11-17T01:06:44","date_gmt":"2016-11-17T01:06:44","guid":{"rendered":"http:\/\/rurallascolonias.com.ar\/?p=12673"},"modified":"2016-11-17T17:10:14","modified_gmt":"2016-11-17T17:10:14","slug":"ayer-se-reunio-el-consejo-superior-directivo-de-cra","status":"publish","type":"post","link":"http:\/\/rurallascolonias.com.ar\/?p=12673","title":{"rendered":"Ayer se reuni\u00f3 el Consejo Superior Directivo de CRA"},"content":{"rendered":"<p><strong><em><a href=\"http:\/\/rurallascolonias.com.ar\/?attachment_id=12674\" rel=\"attachment wp-att-12674\"><img loading=\"lazy\" class=\"aligncenter wp-image-12674 size-medium\" src=\"http:\/\/rurallascolonias.com.ar\/wp-content\/uploads\/2016\/11\/Consejo-Superior-CRA-300x225.jpg\" alt=\"consejo-superior-cra\" width=\"300\" height=\"225\" srcset=\"http:\/\/rurallascolonias.com.ar\/wp-content\/uploads\/2016\/11\/Consejo-Superior-CRA-300x225.jpg 300w, http:\/\/rurallascolonias.com.ar\/wp-content\/uploads\/2016\/11\/Consejo-Superior-CRA-768x576.jpg 768w, http:\/\/rurallascolonias.com.ar\/wp-content\/uploads\/2016\/11\/Consejo-Superior-CRA-600x450.jpg 600w, http:\/\/rurallascolonias.com.ar\/wp-content\/uploads\/2016\/11\/Consejo-Superior-CRA-624x468.jpg 624w, http:\/\/rurallascolonias.com.ar\/wp-content\/uploads\/2016\/11\/Consejo-Superior-CRA.jpg 960w\" sizes=\"(max-width: 300px) 100vw, 300px\" \/><\/a>Correspondiente al mes de noviembre<\/em><\/strong><!--more--><\/p>\n<p>Ayer\u00a016 de noviembre a partir del mediod\u00eda en la sede de Confederaciones Rurales Argentinas se realiz\u00f3 la reuni\u00f3n del Consejo Superior Directivo de Confederaciones Rurales Argentinas de este mes con la presencia de los representantes de las Asociaciones, Federaciones y Confederaciones que conforman a la entidad gremial m\u00e1s federal del pa\u00eds.<\/p>\n<p>Como todos los meses durante la ma\u00f1ana delegados de distintas entidades confederadas participaron de las comisiones de trabajo donde se delinearon acciones gremiales seg\u00fan la actividad.<\/p>\n<p>Algunas de las comisiones de trabajo son: granos, avicultura, carnes, lecher\u00eda, ovinos y seguridad, entre otras.<\/p>\n<p>Como siempre hubo una gran \u00a0presencia de dirigentes de distintos puntos del pa\u00eds.<\/p>\n","protected":false},"excerpt":{"rendered":"<p>Correspondiente al mes de noviembre<\/p>\n","protected":false},"author":5,"featured_media":0,"comment_status":"open","ping_status":"open","sticky":false,"template":"","format":"standard","meta":[],"categories":[2306],"tags":[3365],"_links":{"self":[{"href":"http:\/\/rurallascolonias.com.ar\/index.php?rest_route=\/wp\/v2\/posts\/12673"}],"collection":[{"href":"http:\/\/rurallascolonias.com.ar\/index.php?rest_route=\/wp\/v2\/posts"}],"about":[{"href":"http:\/\/rurallascolonias.com.ar\/index.php?rest_route=\/wp\/v2\/types\/post"}],"author":[{"embeddable":true,"href":"http:\/\/rurallascolonias.com.ar\/index.php?rest_route=\/wp\/v2\/users\/5"}],"replies":[{"embeddable":true,"href":"http:\/\/rurallascolonias.com.ar\/index.php?rest_route=%2Fwp%2Fv2%2Fcomments&post=12673"}],"version-history":[{"count":1,"href":"http:\/\/rurallascolonias.com.ar\/index.php?rest_route=\/wp\/v2\/posts\/12673\/revisions"}],"predecessor-version":[{"id":12675,"href":"http:\/\/rurallascolonias.com.ar\/index.php?rest_route=\/wp\/v2\/posts\/12673\/revisions\/12675"}],"wp:attachment":[{"href":"http:\/\/rurallascolonias.com.ar\/index.php?rest_route=%2Fwp%2Fv2%2Fmedia&parent=12673"}],"wp:term":[{"taxonomy":"category","embeddable":true,"href":"http:\/\/rurallascolonias.com.ar\/index.php?rest_route=%2Fwp%2Fv2%2Fcategories&post=12673"},{"taxonomy":"post_tag","embeddable":true,"href":"http:\/\/rurallascolonias.com.ar\/index.php?rest_route=%2Fwp%2Fv2%2Ftags&post=12673"}],"curies":[{"name":"wp","href":"https:\/\/api.w.org\/{rel}","templated":true}]}}