{"id":12666,"date":"2016-11-17T00:10:46","date_gmt":"2016-11-17T00:10:46","guid":{"rendered":"http:\/\/rurallascolonias.com.ar\/?p=12666"},"modified":"2016-11-17T03:16:59","modified_gmt":"2016-11-17T03:16:59","slug":"miguel-gatti-es-el-nuevo-director-provincial-de-lecheria","status":"publish","type":"post","link":"http:\/\/rurallascolonias.com.ar\/?p=12666","title":{"rendered":"Miguel Gatti es el nuevo Director Provincial de Lecher\u00eda"},"content":{"rendered":"<h3><em><a href=\"http:\/\/rurallascolonias.com.ar\/?attachment_id=12667\" rel=\"attachment wp-att-12667\"><img loading=\"lazy\" class=\"aligncenter size-full wp-image-12667\" src=\"http:\/\/rurallascolonias.com.ar\/wp-content\/uploads\/2016\/11\/miguel-gatti-260x145.jpg\" alt=\"miguel-gatti-260x145\" width=\"260\" height=\"145\" \/><\/a>El ex presidente comunal de San Carlos Norte formar\u00e1 parte del Ministerio de la Producci\u00f3n, tras asumir luego de la firma del Decreto a cargo del Gobernador de la Provincia de Santa Fe Ing. Miguel Lifstchiz<\/em><\/h3>\n<p><!--more--><\/p>\n<p><span class=\"vw-dropcap vw-dropcap-standard\">E<\/span>l Dr. Miguel Jos\u00e9 Gatti, de 61 a\u00f1os, quien durante 26 a\u00f1os fue presidente comunal de San Carlos Norte, asumi\u00f3 mediante el Decreto firmado por el Gobernador de la Provincia de Santa Fe Ing. Miguel Lifstchiz, el cargo de Director Provincial de Lecher\u00eda.<\/p>\n<p>Luego de haber sido durante m\u00e1s de dos d\u00e9cadas presidente comunal, el Dr. Gatti fue asistente t\u00e9cnico del Nodo Santa Fe, Director del Instituto provincial de porcinotecnia en Cha\u00f1ar Ladeado, Coordinador Provincial de la ley ovina, Director del Centro Operativo Experimental Hector Coppa y actualmente fue designado Director Provincial de Lecher\u00eda.<\/p>\n<p>\u00c9sta es un \u00e1rea que depende del Ministerio de Producci\u00f3n de la Provincia de Santa Fe, es un \u00e1rea sensible y dif\u00edcil de manejar teniendo en cuenta los problemas que padece la lecher\u00eda, agravados en algunos sectores de la provincia como la inundaci\u00f3n de los meses de marzo y abril que arroj\u00f3 una p\u00e9rdida de 2.600.000 millones de d\u00f3lares<\/p>\n<p>El objetivo que le ha planteado el Ministro Contigiani a todos los funcionarios del \u00e1rea, incluyendo al Dr. Gatti, es lograr una tarea de proximidad entre el funcionario y el productor, por ende, las visitas a establecimientos rurales, tambos, y participaci\u00f3n de las reuniones deber\u00e1 ser una constante de todos los d\u00edas.<\/p>\n<p>Fuente: FM Spacio<\/p>\n","protected":false},"excerpt":{"rendered":"<p>El ex presidente comunal de San Carlos Norte formar\u00e1 parte del Ministerio de la Producci\u00f3n, tras asumir luego de la firma del Decreto a cargo del Gobernador de la Provincia de Santa Fe Ing. Miguel Lifstchiz<\/p>\n","protected":false},"author":5,"featured_media":0,"comment_status":"open","ping_status":"open","sticky":false,"template":"","format":"standard","meta":[],"categories":[42],"tags":[3363,3362],"_links":{"self":[{"href":"http:\/\/rurallascolonias.com.ar\/index.php?rest_route=\/wp\/v2\/posts\/12666"}],"collection":[{"href":"http:\/\/rurallascolonias.com.ar\/index.php?rest_route=\/wp\/v2\/posts"}],"about":[{"href":"http:\/\/rurallascolonias.com.ar\/index.php?rest_route=\/wp\/v2\/types\/post"}],"author":[{"embeddable":true,"href":"http:\/\/rurallascolonias.com.ar\/index.php?rest_route=\/wp\/v2\/users\/5"}],"replies":[{"embeddable":true,"href":"http:\/\/rurallascolonias.com.ar\/index.php?rest_route=%2Fwp%2Fv2%2Fcomments&post=12666"}],"version-history":[{"count":1,"href":"http:\/\/rurallascolonias.com.ar\/index.php?rest_route=\/wp\/v2\/posts\/12666\/revisions"}],"predecessor-version":[{"id":12668,"href":"http:\/\/rurallascolonias.com.ar\/index.php?rest_route=\/wp\/v2\/posts\/12666\/revisions\/12668"}],"wp:attachment":[{"href":"http:\/\/rurallascolonias.com.ar\/index.php?rest_route=%2Fwp%2Fv2%2Fmedia&parent=12666"}],"wp:term":[{"taxonomy":"category","embeddable":true,"href":"http:\/\/rurallascolonias.com.ar\/index.php?rest_route=%2Fwp%2Fv2%2Fcategories&post=12666"},{"taxonomy":"post_tag","embeddable":true,"href":"http:\/\/rurallascolonias.com.ar\/index.php?rest_route=%2Fwp%2Fv2%2Ftags&post=12666"}],"curies":[{"name":"wp","href":"https:\/\/api.w.org\/{rel}","templated":true}]}}