{"id":12659,"date":"2016-11-17T02:17:59","date_gmt":"2016-11-17T02:17:59","guid":{"rendered":"http:\/\/rurallascolonias.com.ar\/?p=12659"},"modified":"2016-11-17T02:21:38","modified_gmt":"2016-11-17T02:21:38","slug":"tras-el-granizo-funcionarios-de-agroindustria-recorreran-la-zona-afectada","status":"publish","type":"post","link":"http:\/\/rurallascolonias.com.ar\/?p=12659","title":{"rendered":"Tras el granizo, funcionarios de Agroindustria recorrer\u00e1n la zona afectada"},"content":{"rendered":"<h3><em><a href=\"http:\/\/rurallascolonias.com.ar\/?attachment_id=12626\" rel=\"attachment wp-att-12626\"><img loading=\"lazy\" class=\"aligncenter wp-image-12626 size-medium\" src=\"http:\/\/rurallascolonias.com.ar\/wp-content\/uploads\/2016\/11\/granizo-1-300x157.jpg\" alt=\"granizo\" width=\"300\" height=\"157\" srcset=\"http:\/\/rurallascolonias.com.ar\/wp-content\/uploads\/2016\/11\/granizo-1-300x157.jpg 300w, http:\/\/rurallascolonias.com.ar\/wp-content\/uploads\/2016\/11\/granizo-1.jpg 600w\" sizes=\"(max-width: 300px) 100vw, 300px\" \/><\/a>El ministro de Producci\u00f3n de la provincia, Luis Contigiani, anticip\u00f3 ayer que hoy habr\u00e1 un sobrevuelo con el titular de Emergencia de la Naci\u00f3n para evaluar los da\u00f1os de la granizada del pasado jueves y tramitar un auxilio extraordinario para los productores afectados<\/em><\/h3>\n<p><!--more--><\/p>\n<p><span class=\"vw-dropcap vw-dropcap-standard\">C<\/span>ontigiani sostuvo que \u201ca\u00fan no hay datos finos de las p\u00e9rdidas en una zona muy amplia de la provincia\u201d, pero que rondar\u00edan entre las 23.000 y 30.000 hect\u00e1reas y que hoy se realizar\u00e1 un sobrevuelo con el titular de Emergencias de la Naci\u00f3n para tramitar un auxilio extraordinario para los productores afectados.<\/p>\n<p>El funcionario, quien participa en Santiago de Chile de una misi\u00f3n empresaria, sostuvo que desde el pasado viernes se tom\u00f3 contacto con la zona afectada donde se pudo observar que \u201cdesde Santa Rosa de Calchines hacia el oeste de la provincia hubo una manga donde el granizo produjo enormes p\u00e9rdidas\u201d.<\/p>\n<p>Destac\u00f3 que \u201chubo un da\u00f1o muy alto e importante\u201d que afect\u00f3 \u201cmucho el cultivo de trigo que est\u00e1 a punto de cosecharse adem\u00e1s del ma\u00edz que lo castig\u00f3 much\u00edsimo\u201d.<\/p>\n<p>El funcionario explic\u00f3 que \u201cel fen\u00f3meno entr\u00f3 desde Zen\u00f3n Pereyra en una franja que se fue ampliando, sobre todo en Pilar y Humboldt se cierra despu\u00e9s, y luego se vuelve a manifestar el granizo en Santa Rosa de Calchines de manera muy fuerte\u201d.<\/p>\n<p>Contigiani explic\u00f3 \u201cque en esta \u00faltima localidad hay afectaci\u00f3n en producci\u00f3n de zanahorias, ma\u00edz dulce, hay 80 productores afectados, junto con un vivero\u201d.<\/p>\n<p>Finalmente, el ministro remarc\u00f3 que \u201cma\u00f1ana va a estar presente el secretario de Emergencia Nacional, Santiago Ardiez, con quien vamos a hacer una recorrida por la zona afectada y luego tendremos una reuni\u00f3n al mediod\u00eda con los productores en la cooperativa Lehmann y all\u00ed evaluaremos con todos los actores cu\u00e1les son las posibilidades sobre l\u00edneas que podr\u00e1n venir desde Naci\u00f3n, adem\u00e1s de la provincia\u201d.<\/p>\n<p>Fuente: El Litoral<\/p>\n","protected":false},"excerpt":{"rendered":"<p>El ministro de Producci\u00f3n de la provincia, Luis Contigiani, anticip\u00f3 ayer que hoy habr\u00e1 un sobrevuelo con el titular de Emergencia de la Naci\u00f3n para evaluar los da\u00f1os de la granizada del pasado jueves y tramitar un auxilio extraordinario para los productores afectados<\/p>\n","protected":false},"author":5,"featured_media":0,"comment_status":"open","ping_status":"open","sticky":false,"template":"","format":"standard","meta":[],"categories":[1],"tags":[3360,113,2552,3032,3361],"_links":{"self":[{"href":"http:\/\/rurallascolonias.com.ar\/index.php?rest_route=\/wp\/v2\/posts\/12659"}],"collection":[{"href":"http:\/\/rurallascolonias.com.ar\/index.php?rest_route=\/wp\/v2\/posts"}],"about":[{"href":"http:\/\/rurallascolonias.com.ar\/index.php?rest_route=\/wp\/v2\/types\/post"}],"author":[{"embeddable":true,"href":"http:\/\/rurallascolonias.com.ar\/index.php?rest_route=\/wp\/v2\/users\/5"}],"replies":[{"embeddable":true,"href":"http:\/\/rurallascolonias.com.ar\/index.php?rest_route=%2Fwp%2Fv2%2Fcomments&post=12659"}],"version-history":[{"count":2,"href":"http:\/\/rurallascolonias.com.ar\/index.php?rest_route=\/wp\/v2\/posts\/12659\/revisions"}],"predecessor-version":[{"id":12662,"href":"http:\/\/rurallascolonias.com.ar\/index.php?rest_route=\/wp\/v2\/posts\/12659\/revisions\/12662"}],"wp:attachment":[{"href":"http:\/\/rurallascolonias.com.ar\/index.php?rest_route=%2Fwp%2Fv2%2Fmedia&parent=12659"}],"wp:term":[{"taxonomy":"category","embeddable":true,"href":"http:\/\/rurallascolonias.com.ar\/index.php?rest_route=%2Fwp%2Fv2%2Fcategories&post=12659"},{"taxonomy":"post_tag","embeddable":true,"href":"http:\/\/rurallascolonias.com.ar\/index.php?rest_route=%2Fwp%2Fv2%2Ftags&post=12659"}],"curies":[{"name":"wp","href":"https:\/\/api.w.org\/{rel}","templated":true}]}}