{"id":1265,"date":"2014-02-07T14:57:09","date_gmt":"2014-02-07T14:57:09","guid":{"rendered":"http:\/\/rurallascolonias.com.ar\/?p=1265"},"modified":"2014-02-07T14:57:09","modified_gmt":"2014-02-07T14:57:09","slug":"el-programa-de-cra-vuelve-este-sabado","status":"publish","type":"post","link":"http:\/\/rurallascolonias.com.ar\/?p=1265","title":{"rendered":"EL PROGRAMA DE CRA VUELVE ESTE S\u00c1BADO"},"content":{"rendered":"<p style=\"text-align: center;\"><a href=\"http:\/\/rurallascolonias.com.ar\/wp-content\/uploads\/2014\/02\/programa-CRA.jpg\"><img loading=\"lazy\" class=\"aligncenter  wp-image-1266\" alt=\"programa CRA\" src=\"http:\/\/rurallascolonias.com.ar\/wp-content\/uploads\/2014\/02\/programa-CRA.jpg\" width=\"369\" height=\"209\" srcset=\"http:\/\/rurallascolonias.com.ar\/wp-content\/uploads\/2014\/02\/programa-CRA.jpg 615w, http:\/\/rurallascolonias.com.ar\/wp-content\/uploads\/2014\/02\/programa-CRA-300x169.jpg 300w, http:\/\/rurallascolonias.com.ar\/wp-content\/uploads\/2014\/02\/programa-CRA-600x339.jpg 600w\" sizes=\"(max-width: 369px) 100vw, 369px\" \/><\/a>\u00bfQu\u00e9 pasar\u00e1 con el clima en la Argentina? Situaci\u00f3n productiva del sector ovino en la Patagonia. CRA responde a las acusaciones del Jefe de Gabinete, Jorge Capitanich y el economista Tom\u00e1s Bulat brinda alguna puntas de lo que sucede y lo que suceder\u00e1 en materia econ\u00f3mica.<!--more--><\/p>\n<p align=\"justify\"><strong>A las 12:30 por Canal Rural este s\u00e1bado\u00a08 de febrero CRA, El Sentir del Campo y\u00a0la Ciudad<\/strong>\u00a0regresa con una edici\u00f3n que volver\u00e1 poner el foco en la actualidad que viven las distintas regiones productivas del pa\u00eds.<\/p>\n<p align=\"justify\"><strong>\u00bfQu\u00e9 pasar\u00e1 con el clima en la Argentina? Situaci\u00f3n productiva del sector ovino en la Patagonia. CRA responde a las acusaciones del Jefe de Gabinete, Jorge Capitanich y el economista Tom\u00e1s Bulat brinda alguna puntas de lo que sucede y lo que suceder\u00e1 en materia econ\u00f3mica.<\/strong><\/p>\n<p align=\"justify\">Con producci\u00f3n period\u00edstica del \u00e1rea de prensa y comunicaci\u00f3n de Confederaciones Rurales Argentinas, El Sentir del Campo y\u00a0la Ciudad tambi\u00e9n puede verse a trav\u00e9s de internet en su canal web en\u00a0<a title=\"blocked::http:\/\/www.youtube.com\/craprensa\nhttp:\/\/www.youtube.com\/craprensa\nblocked::http:\/\/www.youtube.com\/craprensa\" href=\"http:\/\/www.youtube.com\/craprensa\" target=\"_blank\"><span style=\"text-decoration: underline;\" title=\"blocked::http:\/\/www.youtube.com\/craprensa\"><span style=\"color: #0066cc;\">www.Youtube.com\/craprensa<\/span><\/span><\/a><\/p>\n<p align=\"justify\">Entre otros estos son los temas del programa:<\/p>\n<p>Confederaciones Rurales Argentinas responde a las irresponsables acusaciones del jefe de Gabinete\u00a0hacia el sector productivo.<\/p>\n<p>Hablamos de lo que suceder\u00e1 en materia de clima en el centro del pa\u00eds, sin dudas una de las mayores preocupaciones de los productores.<\/p>\n<p>El economista Tom\u00e1s Bulat nos adelanta que es lo que vendr\u00e1 para la econom\u00eda de nuestro pa\u00eds.<\/p>\n<p align=\"justify\">El sector ovino en la Patagonia vive ajustados n\u00fameros por causas climatol\u00f3gicas y pol\u00edticas. Distintos dirigentes del sur argentino nos brindan su opini\u00f3n.<\/p>\n<p align=\"justify\">CRA<\/p>\n","protected":false},"excerpt":{"rendered":"<p>\u00bfQu\u00e9 pasar\u00e1 con el clima en la Argentina? Situaci\u00f3n productiva del sector ovino en la Patagonia. CRA responde a las acusaciones del Jefe de Gabinete, Jorge Capitanich y el economista Tom\u00e1s Bulat brinda alguna puntas de lo que sucede y lo que suceder\u00e1 en materia econ\u00f3mica.<\/p>\n","protected":false},"author":5,"featured_media":0,"comment_status":"closed","ping_status":"closed","sticky":false,"template":"","format":"standard","meta":[],"categories":[42],"tags":[508,179],"_links":{"self":[{"href":"http:\/\/rurallascolonias.com.ar\/index.php?rest_route=\/wp\/v2\/posts\/1265"}],"collection":[{"href":"http:\/\/rurallascolonias.com.ar\/index.php?rest_route=\/wp\/v2\/posts"}],"about":[{"href":"http:\/\/rurallascolonias.com.ar\/index.php?rest_route=\/wp\/v2\/types\/post"}],"author":[{"embeddable":true,"href":"http:\/\/rurallascolonias.com.ar\/index.php?rest_route=\/wp\/v2\/users\/5"}],"replies":[{"embeddable":true,"href":"http:\/\/rurallascolonias.com.ar\/index.php?rest_route=%2Fwp%2Fv2%2Fcomments&post=1265"}],"version-history":[{"count":1,"href":"http:\/\/rurallascolonias.com.ar\/index.php?rest_route=\/wp\/v2\/posts\/1265\/revisions"}],"predecessor-version":[{"id":1267,"href":"http:\/\/rurallascolonias.com.ar\/index.php?rest_route=\/wp\/v2\/posts\/1265\/revisions\/1267"}],"wp:attachment":[{"href":"http:\/\/rurallascolonias.com.ar\/index.php?rest_route=%2Fwp%2Fv2%2Fmedia&parent=1265"}],"wp:term":[{"taxonomy":"category","embeddable":true,"href":"http:\/\/rurallascolonias.com.ar\/index.php?rest_route=%2Fwp%2Fv2%2Fcategories&post=1265"},{"taxonomy":"post_tag","embeddable":true,"href":"http:\/\/rurallascolonias.com.ar\/index.php?rest_route=%2Fwp%2Fv2%2Ftags&post=1265"}],"curies":[{"name":"wp","href":"https:\/\/api.w.org\/{rel}","templated":true}]}}