{"id":12640,"date":"2016-11-14T10:54:55","date_gmt":"2016-11-14T10:54:55","guid":{"rendered":"http:\/\/rurallascolonias.com.ar\/?p=12640"},"modified":"2016-11-14T16:59:57","modified_gmt":"2016-11-14T16:59:57","slug":"santa-fe-llevo-a-cabo-la-primera-jornada-provincial-de-comites-de-cuenca","status":"publish","type":"post","link":"http:\/\/rurallascolonias.com.ar\/?p=12640","title":{"rendered":"Santa Fe llev\u00f3 a cabo la primera jornada provincial de Comit\u00e9s de Cuenca"},"content":{"rendered":"<h2><em><a href=\"http:\/\/rurallascolonias.com.ar\/?attachment_id=12641\" rel=\"attachment wp-att-12641\"><img loading=\"lazy\" class=\"aligncenter size-full wp-image-12641\" src=\"http:\/\/rurallascolonias.com.ar\/wp-content\/uploads\/2016\/11\/Comit\u00e9-de-cuenca.jpg\" alt=\"comite-de-cuenca\" width=\"300\" height=\"168\" \/><\/a>La jornada tuvo como objetivo fortalecer la pol\u00edtica de gesti\u00f3n integral de los recursos h\u00eddricos en todo el territorio provincial promoviendo la integraci\u00f3n y gesti\u00f3n asociada de las organizaciones de usuarios en las macrocuencas\u00a0\u00a0<\/em><\/h2>\n<p><!--more--><\/p>\n<p>El ministro de Infraestructura y Transporte, Jos\u00e9 Garibay, encabez\u00f3 el pasado viernes en la ciudad de Santa Fe, la primera jornada provincial de Comit\u00e9s de Cuenca. \u201cEn esta ocasi\u00f3n nos estamos reuniendo en un \u00e1mbito de planificaci\u00f3n y para intercambiar experiencias; ya hemos pasado la emergencia h\u00eddrica y ahora vamos a trabajar para planificar las cuencas y macrocuencas de nuestra provincia\u201d, indic\u00f3 Garibay durante la apertura.<\/p>\n<p>Por su parte el secretario de Recursos H\u00eddricos, Roberto Porta, indic\u00f3 que: \u201cAsumimos con un gran problema como fue la Emergencia H\u00eddrica, hemos desarrollado varios ejes de trabajo y entre ellos se encuentran el ordenamiento de la cuencas de nuestra provincia, las cuencas regionales y tambi\u00e9n las cuencas interjurisdiccionales; tenemos la convicci\u00f3n de realizar un ordenamiento integral de las mismas\u201d.<\/p>\n<p>La jornada tuvo como objetivo fortalecer la pol\u00edtica de gesti\u00f3n integral de los recursos h\u00eddricos en todo el territorio provincial promoviendo la integraci\u00f3n y gesti\u00f3n asociada de las organizaciones de usuarios en las macrocuencas.<\/p>\n<p>Adem\u00e1s de brindar un espacio propicio para el intercambio de experiencias y opiniones en problem\u00e1ticas h\u00eddricas locales, regionales e interprovinciales tendientes al trabajo asociativo de las organizaciones de usuarios de cuencas.<\/p>\n<p>Estuvieron presentes en la jornada, adem\u00e1s, el subsecretario Operativo, Ricardo Ruiz; el director provincial de Comit\u00e9s de Cuenca, Nicol\u00e1s Mijich; el presidente de CARSFe, Gustavo Vionnet; la directora provincial de Legal y T\u00e9cnica, B\u00e1rbara Amador; presidentes comunales, autoridades de los comit\u00e9s de cuenca, productores e integrantes de la secretaria de Recursos H\u00eddricos.<\/p>\n<p><strong>Recursos h\u00eddricos<\/strong><\/p>\n<p>La gesti\u00f3n integrada e integral de los recursos h\u00eddricos (GIIRH) implica el abordaje de la tem\u00e1tica del agua a partir de los distintos actores involucrados (integrada) y considerando todos los aspectos y estados de la misma (integral)<\/p>\n<p>El horizonte a alcanzar, se define en base a los principios asociados al \u201cdesarrollo sustentable\u201d. En tal sentido y acorde al marco normativo existente as\u00ed como los programas de trabajo planteados en la Provincia, la Direcci\u00f3n Provincial de Administraci\u00f3n de los Recursos H\u00eddricos cuenta con tres l\u00edneas de acci\u00f3n: Intervenciones sobre Conflictos de origen h\u00eddrico en el marco de la Ley Provincial N\u00ba 12081 sobre resoluci\u00f3n de conflictos; atendiendo la urgencias individuales, pero siempre interviniendo acorde a los fundamentos del plan estrat\u00e9gico, evaluando la problem\u00e1tica h\u00eddrica zonal de cada caso puntual, para establecer medidas estrat\u00e9gicas acorde planificaci\u00f3n provincial; Regulaci\u00f3n de Zonificaci\u00f3n de uso de suelo, en el marco de la Ley Provincial 11730 que establece un r\u00e9gimen sobre uso de bienes situados en las \u00e1reas inundables dentro de la jurisdicci\u00f3n provincial; y Evaluaci\u00f3n estrat\u00e9gica de las pol\u00edticas h\u00eddricas por medio del Observatorio Regional del Agua, que constituye un espacio de sistematizaci\u00f3n de informaci\u00f3n hist\u00f3rica y actual, a trav\u00e9s de su recopilaci\u00f3n, ordenamiento para su posterior evaluaci\u00f3n y an\u00e1lisis. Lo cual conforma un instrumento de gesti\u00f3n que fortalece la toma de decisi\u00f3n de acciones a mediano y largo plazo.<\/p>\n<p><strong>Fuente: Gobierno de Santa Fe<\/strong><\/p>\n","protected":false},"excerpt":{"rendered":"<p>La jornada tuvo como objetivo fortalecer la pol\u00edtica de gesti\u00f3n integral de los recursos h\u00eddricos en todo el territorio provincial promoviendo la integraci\u00f3n y gesti\u00f3n asociada de las organizaciones de usuarios en las macrocuencas\u00a0\u00a0<\/p>\n","protected":false},"author":5,"featured_media":0,"comment_status":"open","ping_status":"open","sticky":false,"template":"","format":"standard","meta":[],"categories":[1393],"tags":[3353,119],"_links":{"self":[{"href":"http:\/\/rurallascolonias.com.ar\/index.php?rest_route=\/wp\/v2\/posts\/12640"}],"collection":[{"href":"http:\/\/rurallascolonias.com.ar\/index.php?rest_route=\/wp\/v2\/posts"}],"about":[{"href":"http:\/\/rurallascolonias.com.ar\/index.php?rest_route=\/wp\/v2\/types\/post"}],"author":[{"embeddable":true,"href":"http:\/\/rurallascolonias.com.ar\/index.php?rest_route=\/wp\/v2\/users\/5"}],"replies":[{"embeddable":true,"href":"http:\/\/rurallascolonias.com.ar\/index.php?rest_route=%2Fwp%2Fv2%2Fcomments&post=12640"}],"version-history":[{"count":1,"href":"http:\/\/rurallascolonias.com.ar\/index.php?rest_route=\/wp\/v2\/posts\/12640\/revisions"}],"predecessor-version":[{"id":12642,"href":"http:\/\/rurallascolonias.com.ar\/index.php?rest_route=\/wp\/v2\/posts\/12640\/revisions\/12642"}],"wp:attachment":[{"href":"http:\/\/rurallascolonias.com.ar\/index.php?rest_route=%2Fwp%2Fv2%2Fmedia&parent=12640"}],"wp:term":[{"taxonomy":"category","embeddable":true,"href":"http:\/\/rurallascolonias.com.ar\/index.php?rest_route=%2Fwp%2Fv2%2Fcategories&post=12640"},{"taxonomy":"post_tag","embeddable":true,"href":"http:\/\/rurallascolonias.com.ar\/index.php?rest_route=%2Fwp%2Fv2%2Ftags&post=12640"}],"curies":[{"name":"wp","href":"https:\/\/api.w.org\/{rel}","templated":true}]}}