{"id":12595,"date":"2016-11-09T10:12:52","date_gmt":"2016-11-09T10:12:52","guid":{"rendered":"http:\/\/rurallascolonias.com.ar\/?p=12595"},"modified":"2016-11-09T17:13:17","modified_gmt":"2016-11-09T17:13:17","slug":"cra-presente-en-el-congreso-mundial-de-la-carne","status":"publish","type":"post","link":"http:\/\/rurallascolonias.com.ar\/?p=12595","title":{"rendered":"CRA presente en el Congreso Mundial de la Carne"},"content":{"rendered":"<p><strong><em><a href=\"http:\/\/rurallascolonias.com.ar\/?attachment_id=12596\" rel=\"attachment wp-att-12596\"><img loading=\"lazy\" class=\"aligncenter size-full wp-image-12596\" src=\"http:\/\/rurallascolonias.com.ar\/wp-content\/uploads\/2016\/11\/CHIESA-2.jpg\" alt=\"chiesa-2\" width=\"300\" height=\"225\" \/><\/a>Dardo Chiesa, Martin Rapetti y Ricardo Burgos representan a Argentina<\/em><\/strong><!--more--><\/p>\n<p>La dirigencia de Confederaciones Rurales Argentinas participa del 21 Congreso Mundial de la Carne que se lleva a cabo en Punta del Este, Uruguay del 7 al 9 de noviembre.<\/p>\n<p>CRA est\u00e1 presente a trav\u00e9s de su presidente Dardo Chiesa y tambi\u00e9n integrantes de la comisi\u00f3n de Carnes de la entidad Mart\u00edn Rapetti y Ricardo Burgos entre otros.<\/p>\n<p>La presencia de CRA de la mano de especialistas en ganader\u00eda dentro del Congreso es importante para exponer la realidad de la cadena productiva c\u00e1rnica nacional.<\/p>\n<p>La oficina Permanente Internacional de la Carne (OPIC) y el Instituto Nacional de Carnes de Uruguay (INAC) se han propuesto discutir una nueva agenda global del sector en el 21\u00b0 Congreso Mundial de la Carne. Para ello se tratar\u00e1n los principales temas de actualidad que afectan al sector c\u00e1rnico mundial bajo un formato novedoso.<\/p>\n<p>Durante el encuentro exponen especialistas de todo el mundo sobre producci\u00f3n, tendencias, trazabilidad y consumo entre muchos temas m\u00e1s.<\/p>\n<p>CRA<\/p>\n","protected":false},"excerpt":{"rendered":"<p>Dardo Chiesa, Martin Rapetti y Ricardo Burgos representan a Argentina<\/p>\n","protected":false},"author":5,"featured_media":0,"comment_status":"open","ping_status":"open","sticky":false,"template":"","format":"standard","meta":[],"categories":[42],"tags":[3343,30],"_links":{"self":[{"href":"http:\/\/rurallascolonias.com.ar\/index.php?rest_route=\/wp\/v2\/posts\/12595"}],"collection":[{"href":"http:\/\/rurallascolonias.com.ar\/index.php?rest_route=\/wp\/v2\/posts"}],"about":[{"href":"http:\/\/rurallascolonias.com.ar\/index.php?rest_route=\/wp\/v2\/types\/post"}],"author":[{"embeddable":true,"href":"http:\/\/rurallascolonias.com.ar\/index.php?rest_route=\/wp\/v2\/users\/5"}],"replies":[{"embeddable":true,"href":"http:\/\/rurallascolonias.com.ar\/index.php?rest_route=%2Fwp%2Fv2%2Fcomments&post=12595"}],"version-history":[{"count":1,"href":"http:\/\/rurallascolonias.com.ar\/index.php?rest_route=\/wp\/v2\/posts\/12595\/revisions"}],"predecessor-version":[{"id":12597,"href":"http:\/\/rurallascolonias.com.ar\/index.php?rest_route=\/wp\/v2\/posts\/12595\/revisions\/12597"}],"wp:attachment":[{"href":"http:\/\/rurallascolonias.com.ar\/index.php?rest_route=%2Fwp%2Fv2%2Fmedia&parent=12595"}],"wp:term":[{"taxonomy":"category","embeddable":true,"href":"http:\/\/rurallascolonias.com.ar\/index.php?rest_route=%2Fwp%2Fv2%2Fcategories&post=12595"},{"taxonomy":"post_tag","embeddable":true,"href":"http:\/\/rurallascolonias.com.ar\/index.php?rest_route=%2Fwp%2Fv2%2Ftags&post=12595"}],"curies":[{"name":"wp","href":"https:\/\/api.w.org\/{rel}","templated":true}]}}