{"id":12488,"date":"2016-11-01T15:52:37","date_gmt":"2016-11-01T15:52:37","guid":{"rendered":"http:\/\/rurallascolonias.com.ar\/?p=12488"},"modified":"2016-11-01T15:52:37","modified_gmt":"2016-11-01T15:52:37","slug":"el-inta-rafaela-dio-a-conocer-las-numerosas-actividades-que-ofrecera-en-mercolactea","status":"publish","type":"post","link":"http:\/\/rurallascolonias.com.ar\/?p=12488","title":{"rendered":"El INTA Rafaela dio a conocer las numerosas actividades que ofrecer\u00e1 en Mercol\u00e1ctea"},"content":{"rendered":"<h2><strong><em><a href=\"http:\/\/rurallascolonias.com.ar\/?attachment_id=12489\" rel=\"attachment wp-att-12489\"><img loading=\"lazy\" class=\"aligncenter size-full wp-image-12489\" src=\"http:\/\/rurallascolonias.com.ar\/wp-content\/uploads\/2016\/11\/IMG-20161031-WA0039.jpg\" alt=\"img-20161031-wa0039\" width=\"552\" height=\"1164\" srcset=\"http:\/\/rurallascolonias.com.ar\/wp-content\/uploads\/2016\/11\/IMG-20161031-WA0039.jpg 552w, http:\/\/rurallascolonias.com.ar\/wp-content\/uploads\/2016\/11\/IMG-20161031-WA0039-142x300.jpg 142w, http:\/\/rurallascolonias.com.ar\/wp-content\/uploads\/2016\/11\/IMG-20161031-WA0039-486x1024.jpg 486w\" sizes=\"(max-width: 552px) 100vw, 552px\" \/><\/a>Charlas, presentaciones y seminarios contar\u00e1n con especialistas de la instituci\u00f3n. La gran muestra de la lecher\u00eda se desarrollar\u00e1 del 2 al 5 de noviembre<\/em><\/strong><\/h2>\n<p><!--more--><\/p>\n<p>Mercol\u00e1ctea 2016 se desarrollar\u00e1 en el predio de la EEA INTA Rafaela, del 2 al 5 de noviembre. As\u00ed, la gran muestra de la lecher\u00eda contar\u00e1 con todo el valor de las instalaciones y referentes lecheros de la instituci\u00f3n.<\/p>\n<p>Charlas, paneles, presentaciones, visitas a tambos, concursos, seminarios, talleres. Temas t\u00e9cnicos de punta, problem\u00e1ticas de extensi\u00f3n y comunicaci\u00f3n, formas de organizaci\u00f3n de la cadena l\u00e1ctea, debates sobre los temas que inquietan al sector.<\/p>\n<p>Para conocer todas las capacitaciones que brindar\u00e1 el INTA en Mercol\u00e1ctea, pueden hacer <a href=\"http:\/\/inta.gob.ar\/documentos\/mercolactea-en-casa\">click ac\u00e1<\/a><\/p>\n<p><strong>Fuente: Nuestro Agro<\/strong><\/p>\n","protected":false},"excerpt":{"rendered":"<p>Charlas, presentaciones y seminarios contar\u00e1n con especialistas de la instituci\u00f3n. La gran muestra de la lecher\u00eda se desarrollar\u00e1 del 2 al 5 de noviembre<\/p>\n","protected":false},"author":5,"featured_media":0,"comment_status":"open","ping_status":"open","sticky":false,"template":"","format":"standard","meta":[],"categories":[14],"tags":[3320,2429,273],"_links":{"self":[{"href":"http:\/\/rurallascolonias.com.ar\/index.php?rest_route=\/wp\/v2\/posts\/12488"}],"collection":[{"href":"http:\/\/rurallascolonias.com.ar\/index.php?rest_route=\/wp\/v2\/posts"}],"about":[{"href":"http:\/\/rurallascolonias.com.ar\/index.php?rest_route=\/wp\/v2\/types\/post"}],"author":[{"embeddable":true,"href":"http:\/\/rurallascolonias.com.ar\/index.php?rest_route=\/wp\/v2\/users\/5"}],"replies":[{"embeddable":true,"href":"http:\/\/rurallascolonias.com.ar\/index.php?rest_route=%2Fwp%2Fv2%2Fcomments&post=12488"}],"version-history":[{"count":1,"href":"http:\/\/rurallascolonias.com.ar\/index.php?rest_route=\/wp\/v2\/posts\/12488\/revisions"}],"predecessor-version":[{"id":12490,"href":"http:\/\/rurallascolonias.com.ar\/index.php?rest_route=\/wp\/v2\/posts\/12488\/revisions\/12490"}],"wp:attachment":[{"href":"http:\/\/rurallascolonias.com.ar\/index.php?rest_route=%2Fwp%2Fv2%2Fmedia&parent=12488"}],"wp:term":[{"taxonomy":"category","embeddable":true,"href":"http:\/\/rurallascolonias.com.ar\/index.php?rest_route=%2Fwp%2Fv2%2Fcategories&post=12488"},{"taxonomy":"post_tag","embeddable":true,"href":"http:\/\/rurallascolonias.com.ar\/index.php?rest_route=%2Fwp%2Fv2%2Ftags&post=12488"}],"curies":[{"name":"wp","href":"https:\/\/api.w.org\/{rel}","templated":true}]}}