{"id":12482,"date":"2016-11-01T12:11:14","date_gmt":"2016-11-01T12:11:14","guid":{"rendered":"http:\/\/rurallascolonias.com.ar\/?p=12482"},"modified":"2016-11-01T12:11:14","modified_gmt":"2016-11-01T12:11:14","slug":"roberto-socin-ya-no-trabaja-en-la-subsecretaria-de-lecheria","status":"publish","type":"post","link":"http:\/\/rurallascolonias.com.ar\/?p=12482","title":{"rendered":"Roberto Soc\u00edn ya no trabaja en la Subsecretar\u00eda de Lecher\u00eda"},"content":{"rendered":"<p><strong><em><a href=\"http:\/\/rurallascolonias.com.ar\/?attachment_id=12483\" rel=\"attachment wp-att-12483\"><img loading=\"lazy\" class=\"alignleft wp-image-12483 size-thumbnail\" src=\"http:\/\/rurallascolonias.com.ar\/wp-content\/uploads\/2016\/11\/Roberto-Socin-300x300-150x150.jpg\" alt=\"roberto-socin-300x300\" width=\"150\" height=\"150\" srcset=\"http:\/\/rurallascolonias.com.ar\/wp-content\/uploads\/2016\/11\/Roberto-Socin-300x300-150x150.jpg 150w, http:\/\/rurallascolonias.com.ar\/wp-content\/uploads\/2016\/11\/Roberto-Socin-300x300.jpg 300w\" sizes=\"(max-width: 150px) 100vw, 150px\" \/><\/a>Algo habr\u00e1 hecho, parte II. Desde hoy qued\u00f3 desvinculado por decisi\u00f3n propia del Gobierno, a pesar de haber subsistido en el Ministerio de Agroindustria con el cambio de administraci\u00f3n<\/em><\/strong><!--more--><\/p>\n<p>Desde hace muchos a\u00f1os hablamos de Roberto Soc\u00edn. Primero como dirigente, como titular de la Mesa de Productores de Leche de la Provincia de Santa Fe, como coordinador de la Mesa Nacional, pero hace exactamente siete a\u00f1os, como funcionario de la Naci\u00f3n. Lo que era una direcci\u00f3n y que luego consigui\u00f3 la categor\u00eda de Subsecretar\u00eda, cuando Juli\u00e1n Dom\u00ednguez era ministro, tuvo al sunchalense en la funci\u00f3n, en ese momento al lado de Jorge Videla.<\/p>\n<p>M\u00e1s all\u00e1 de las cr\u00edticas que se hagan de la gesti\u00f3n anterior, de los interrogantes que quedaron de la administraci\u00f3n que hizo del espacio el villamariense, de lo que no se dijo en esta gesti\u00f3n sobre lo que qued\u00f3, lo que se sabe es que el macrismo desembarcado en el Ministerio de Agricultura, devenido en Agroindustria, decidi\u00f3 quedarse con el conocimiento y los avances que hab\u00eda logrado Soc\u00edn. Adalid del pago por calidad, que le valiera diferencias con el Subsecretario anterior, Alejandro Sammartino lo dej\u00f3 a su lado.<\/p>\n<p>Quien era Director Nacional de Planificaci\u00f3n Estrat\u00e9gica, brind\u00f3 todos los datos a la nueva gesti\u00f3n, pero no tuvo como contrapartida una respuesta similar, aunque en un comienzo lo tomara como una reivindicaci\u00f3n, que incluy\u00f3 en el sal\u00f3n de la Sociedad Rural de Rafaela en febrero, la defensa p\u00fablica de su funcionario inmediatamente superior, ante los cuestionamientos de los productores.<\/p>\n<p>Se hab\u00eda empezado a involucrar en el resurgimiento del programa Cambio Rural Lechero, que es lo \u00fanico que la Naci\u00f3n ve como alternativa a la lecher\u00eda, sin darse cuenta de la segmentaci\u00f3n indeseable que genera en una actividad individualista. M\u00e1s all\u00e1 de eso, aunque a principios de a\u00f1o se dec\u00eda que se iba a auditar la gesti\u00f3n de Videla, cosa que nunca se hizo, casi en la actitud de no seguir metiendo el dedo en la llaga, Sammartino describ\u00eda a Soc\u00edn como \u201cuna persona t\u00e9cnica, honesta, muy trabajadora, muy capaz y creo que la Argentina que se viene es la que nos contenga a todos, porque si no vamos a volver al manique\u00edsmo que se encarg\u00f3 el anterior Gobierno de armar. Vamos a trabajar todos por una lecher\u00eda mejor y yo lo sostengo, as\u00ed como traje gente nueva, Roberto es una persona l\u00facida y valiosa\u201d.<\/p>\n<p>Sin embargo, la ponderaci\u00f3n no se condijo con la contenci\u00f3n. A Roberto Soc\u00edn este Gobierno nunca le blanque\u00f3 su puesto, jam\u00e1s se le abonaron los gastos de traslado, para vi\u00e1ticos como el alquiler de un espacio para vivir en Buenos Aires; y quiz\u00e1 lo m\u00e1s llamativo es que no se hizo \u201cfuerza\u201d para normalizar esta situaci\u00f3n. En el inicio del mandato, hubo otros empleados de la Subsecretar\u00eda que estuvieron algunas semanas en la nebulosa, hasta que se defini\u00f3 su salida, pero en este caso, fue el propio Soc\u00edn quien trat\u00f3 de negociar una mejora en las condiciones laborales, sin conseguirlo y fue as\u00ed que present\u00f3 la renuncia y desde ayer no trabaja m\u00e1s en el ahora Minagro, seg\u00fan pudo saber en exclusiva CASTELLANOS. De todas maneras, el caudal de asesores que se sumaron en estos \u00faltimos meses en la Subsecretar\u00eda permitir\u00edan armar un nuevo espacio, salvo por la capacidad de algunos recursos.<\/p>\n<p>En tiempos de recorte presupuestario repentino, de achicamiento del Ministerio no viene mal la salida en cuesti\u00f3n de n\u00fameros, pero es inconveniente para la toma de decisiones y mejoras, que es lo que falta desde un inicio.<\/p>\n<p>Lejos de hacer una defensa personal de Roberto Soc\u00edn, desde este lugar en el que se lo cuestion\u00f3 una y mil veces, teniendo este dato propio, tambi\u00e9n sabemos del deterioro econ\u00f3mico que le signific\u00f3 la funci\u00f3n p\u00fablica al sunchalense, al cual nunca se le comprob\u00f3 ninguna irregularidad en ese mismo sentido. Hoy vuelve al campo, a trabajar con los animales, a tratar de salir del agua y del barro, de lo que le dej\u00f3 como a tantos otros el oto\u00f1o, pero tambi\u00e9n el desgaste de haber transitado siete a\u00f1os como funcionario.<\/p>\n<p>Elida Thiery<\/p>\n","protected":false},"excerpt":{"rendered":"<p>Algo habr\u00e1 hecho, parte II. Desde hoy qued\u00f3 desvinculado por decisi\u00f3n propia del Gobierno, a pesar de haber subsistido en el Ministerio de Agroindustria con el cambio de administraci\u00f3n<\/p>\n","protected":false},"author":5,"featured_media":0,"comment_status":"open","ping_status":"open","sticky":false,"template":"","format":"standard","meta":[],"categories":[42],"tags":[89,3319,1477],"_links":{"self":[{"href":"http:\/\/rurallascolonias.com.ar\/index.php?rest_route=\/wp\/v2\/posts\/12482"}],"collection":[{"href":"http:\/\/rurallascolonias.com.ar\/index.php?rest_route=\/wp\/v2\/posts"}],"about":[{"href":"http:\/\/rurallascolonias.com.ar\/index.php?rest_route=\/wp\/v2\/types\/post"}],"author":[{"embeddable":true,"href":"http:\/\/rurallascolonias.com.ar\/index.php?rest_route=\/wp\/v2\/users\/5"}],"replies":[{"embeddable":true,"href":"http:\/\/rurallascolonias.com.ar\/index.php?rest_route=%2Fwp%2Fv2%2Fcomments&post=12482"}],"version-history":[{"count":1,"href":"http:\/\/rurallascolonias.com.ar\/index.php?rest_route=\/wp\/v2\/posts\/12482\/revisions"}],"predecessor-version":[{"id":12484,"href":"http:\/\/rurallascolonias.com.ar\/index.php?rest_route=\/wp\/v2\/posts\/12482\/revisions\/12484"}],"wp:attachment":[{"href":"http:\/\/rurallascolonias.com.ar\/index.php?rest_route=%2Fwp%2Fv2%2Fmedia&parent=12482"}],"wp:term":[{"taxonomy":"category","embeddable":true,"href":"http:\/\/rurallascolonias.com.ar\/index.php?rest_route=%2Fwp%2Fv2%2Fcategories&post=12482"},{"taxonomy":"post_tag","embeddable":true,"href":"http:\/\/rurallascolonias.com.ar\/index.php?rest_route=%2Fwp%2Fv2%2Ftags&post=12482"}],"curies":[{"name":"wp","href":"https:\/\/api.w.org\/{rel}","templated":true}]}}