{"id":12424,"date":"2016-10-26T10:44:41","date_gmt":"2016-10-26T10:44:41","guid":{"rendered":"http:\/\/rurallascolonias.com.ar\/?p=12424"},"modified":"2016-10-26T12:56:10","modified_gmt":"2016-10-26T12:56:10","slug":"prorrogan-el-inicio-del-regimen-de-pago-a-cuenta-del-iva-para-ganado-bovino","status":"publish","type":"post","link":"http:\/\/rurallascolonias.com.ar\/?p=12424","title":{"rendered":"Prorrogan el inicio del r\u00e9gimen de pago a cuenta del IVA para ganado bovino"},"content":{"rendered":"<p><strong><em><a href=\"http:\/\/rurallascolonias.com.ar\/?attachment_id=12425\" rel=\"attachment wp-att-12425\"><img loading=\"lazy\" class=\"aligncenter wp-image-12425 size-medium\" src=\"http:\/\/rurallascolonias.com.ar\/wp-content\/uploads\/2016\/10\/ganado-300x133.jpg\" alt=\"ganado\" width=\"300\" height=\"133\" srcset=\"http:\/\/rurallascolonias.com.ar\/wp-content\/uploads\/2016\/10\/ganado-300x133.jpg 300w, http:\/\/rurallascolonias.com.ar\/wp-content\/uploads\/2016\/10\/ganado-600x266.jpg 600w, http:\/\/rurallascolonias.com.ar\/wp-content\/uploads\/2016\/10\/ganado-624x277.jpg 624w, http:\/\/rurallascolonias.com.ar\/wp-content\/uploads\/2016\/10\/ganado.jpg 631w\" sizes=\"(max-width: 300px) 100vw, 300px\" \/><\/a>El Gobierno Nacional extendi\u00f3 el plazo hasta el primero de enero para las operaciones de compraventa, matanza y faenamiento<\/em><\/strong><!--more--><\/p>\n<p>El gobierno nacional posterg\u00f3 hasta el 1 de enero pr\u00f3ximo la entrada en vigencia del r\u00e9gimen de pago a cuenta, retenci\u00f3n y percepci\u00f3n del Impuesto al Valor Agregado (IVA) para las operaciones de compraventa, matanza y faenamiento de ganado bovino.<\/p>\n<p>As\u00ed lo estableci\u00f3 en la Resoluci\u00f3n General 3.948 de la Administraci\u00f3n Federal de Ingresos P\u00fablicos (AFIP), publicada hoy en el Bolet\u00edn Oficial, que modific\u00f3 el inciso b del art\u00edculo 44 de la Resoluci\u00f3n General de 3873; y fij\u00f3 que las disposiciones entrar\u00e1n en vigencia \u201ca partir del 1 de enero de 2017 inclusive\u201d, en lugar del 1 de noviembre pr\u00f3ximo como lo determinaba la reglamentaci\u00f3n original del 30 de mayo \u00faltimo.<\/p>\n<p>A trav\u00e9s de la RG 3.873, la AFIP cre\u00f3 el \u201cRegistro Fiscal de Operadores de la Cadena de Producci\u00f3n y Comercializaci\u00f3n de Haciendas y Carnes Bovinas y Bubalinas\u201d.<\/p>\n<p>En el mismo deben inscribirse todos los actores de la cadena bovina y bubalina, desde los productores hasta los carniceros, pasando por criadores y caba\u00f1eros, feed lots, invernadores, establecimientos faenadores y frigor\u00edficos; consignatarios y comisionistas, consignatarios directos de hacienda, de carnes, mercados concentradores, ferias y predios feriales.<\/p>\n<p>Adem\u00e1s, hay que acreditar la condici\u00f3n de agente de retenci\u00f3n o percepci\u00f3n en el IVA o Ganancias, no encontrarse incluido en la \u201cBase de Contribuyentes No Confiables\u201d y no tener procesos judiciales.<\/p>\n<p>La permanencia en el Registro estar\u00e1 condicionada a que el contribuyente mantenga una correcta conducta fiscal.<\/p>\n<p>Cuando se constate, respecto de un contribuyente inscripto en el Registro, la configuraci\u00f3n de alguna irregularidad, se dispondr\u00e1 su inmediata suspensi\u00f3n, o eventualmente exclusi\u00f3n.<\/p>\n<p>Quedan obligados a actuar como agentes de percepci\u00f3n, en tanto re\u00fanan la condici\u00f3n de responsables inscriptos en el IVA, los propietarios, locatarios, arrendatarios, concesionarios o cualesquiera otros titulares bajo cuyo nombre y responsabilidad jur\u00eddico-econ\u00f3mica funcionen los establecimientos de faena, sean personas humanas o jur\u00eddicas, incluso entes nacionales, provinciales y municipales; los usuarios del servicio de faena y los consignatarios de hacienda.<\/p>\n<p>Fuente: Infocampo<\/p>\n","protected":false},"excerpt":{"rendered":"<p>El Gobierno Nacional extendi\u00f3 el plazo hasta el primero de enero para las operaciones de compraventa, matanza y faenamiento<\/p>\n","protected":false},"author":5,"featured_media":0,"comment_status":"open","ping_status":"open","sticky":false,"template":"","format":"standard","meta":[],"categories":[50],"tags":[3307,194,2426,3306],"_links":{"self":[{"href":"http:\/\/rurallascolonias.com.ar\/index.php?rest_route=\/wp\/v2\/posts\/12424"}],"collection":[{"href":"http:\/\/rurallascolonias.com.ar\/index.php?rest_route=\/wp\/v2\/posts"}],"about":[{"href":"http:\/\/rurallascolonias.com.ar\/index.php?rest_route=\/wp\/v2\/types\/post"}],"author":[{"embeddable":true,"href":"http:\/\/rurallascolonias.com.ar\/index.php?rest_route=\/wp\/v2\/users\/5"}],"replies":[{"embeddable":true,"href":"http:\/\/rurallascolonias.com.ar\/index.php?rest_route=%2Fwp%2Fv2%2Fcomments&post=12424"}],"version-history":[{"count":1,"href":"http:\/\/rurallascolonias.com.ar\/index.php?rest_route=\/wp\/v2\/posts\/12424\/revisions"}],"predecessor-version":[{"id":12426,"href":"http:\/\/rurallascolonias.com.ar\/index.php?rest_route=\/wp\/v2\/posts\/12424\/revisions\/12426"}],"wp:attachment":[{"href":"http:\/\/rurallascolonias.com.ar\/index.php?rest_route=%2Fwp%2Fv2%2Fmedia&parent=12424"}],"wp:term":[{"taxonomy":"category","embeddable":true,"href":"http:\/\/rurallascolonias.com.ar\/index.php?rest_route=%2Fwp%2Fv2%2Fcategories&post=12424"},{"taxonomy":"post_tag","embeddable":true,"href":"http:\/\/rurallascolonias.com.ar\/index.php?rest_route=%2Fwp%2Fv2%2Ftags&post=12424"}],"curies":[{"name":"wp","href":"https:\/\/api.w.org\/{rel}","templated":true}]}}