{"id":12407,"date":"2016-10-25T14:35:37","date_gmt":"2016-10-25T14:35:37","guid":{"rendered":"http:\/\/rurallascolonias.com.ar\/?p=12407"},"modified":"2016-10-25T14:35:37","modified_gmt":"2016-10-25T14:35:37","slug":"chemes-la-situacion-financiera-del-productor-lechero-sigue-mal","status":"publish","type":"post","link":"http:\/\/rurallascolonias.com.ar\/?p=12407","title":{"rendered":"Chemes: \u201cLa situaci\u00f3n financiera del productor lechero sigue mal\u201d"},"content":{"rendered":"<p><strong><em><a href=\"http:\/\/rurallascolonias.com.ar\/?attachment_id=12408\" rel=\"attachment wp-att-12408\"><img loading=\"lazy\" class=\"alignleft wp-image-12408 size-medium\" src=\"http:\/\/rurallascolonias.com.ar\/wp-content\/uploads\/2016\/10\/CHEMES-300x127.jpg\" alt=\"CHEMES\" width=\"300\" height=\"127\" srcset=\"http:\/\/rurallascolonias.com.ar\/wp-content\/uploads\/2016\/10\/CHEMES-300x127.jpg 300w, http:\/\/rurallascolonias.com.ar\/wp-content\/uploads\/2016\/10\/CHEMES-600x253.jpg 600w, http:\/\/rurallascolonias.com.ar\/wp-content\/uploads\/2016\/10\/CHEMES-624x264.jpg 624w, http:\/\/rurallascolonias.com.ar\/wp-content\/uploads\/2016\/10\/CHEMES.jpg 748w\" sizes=\"(max-width: 300px) 100vw, 300px\" \/><\/a>Afirm\u00f3, Jorge Chemes, vicepresidente de CRA. Reconoci\u00f3 una recuperaci\u00f3n en el precio actual del litro de la leche, aunque \u201ctodav\u00eda no es suficiente para que quede un margen de rentabilidad\u201d<\/em><\/strong><!--more--><\/p>\n<div align=\"justify\"><em>\u00abLos tamberos, probablemente est\u00e9n un poco m\u00e1s aliviados porque ha habido un ajuste de precios (entre $4,50 y $4,80)\u00bb,<\/em> reconoci\u00f3 <strong>Chemes<\/strong>, <em>\u00abPero obviamente est\u00e1 acompa\u00f1ado de un incremento en los costos de producci\u00f3n. Lamentablemente la situaci\u00f3n no ha cambiado para mejor\u00bb,<\/em> sentenci\u00f3 el vicepresidente de <strong>Confederaciones Rurales Argentinas (CRA).<\/strong> <em>\u00abLa situaci\u00f3n financiera del productor sigue mal y el n\u00famero (precio de la leche) todav\u00eda no es suficiente como para que quede un margen de rentabilidad\u00bb.<\/em><\/div>\n<div align=\"justify\"><em><br \/>\n\u00abHoy uno de los mayores problemas, son las garant\u00edas que piden en los bancos\u00bb<\/em>, determin\u00f3 el dirigente: <em>\u00abLos n\u00fameros que manejan los productores lecheros para los bancos no son interesantes, entonces no tiene acceso a cr\u00e9ditos\u00bb.<\/em><\/div>\n<div align=\"justify\"><em><br \/>\n\u00abEn la \u00faltima reuni\u00f3n con funcionarios de la Subsecretar\u00eda de Lecher\u00eda, se habl\u00f3 de la posibilidad de que el Gobierno otorgue cr\u00e9ditos a valor producto a trav\u00e9s directamente del Gobierno, pero pasando por la industria, sin que intervengan los bancos. Esa ser\u00eda una ayuda interesante para este momento\u00bb<\/em>, revel\u00f3.<\/div>\n<div align=\"justify\">\n<em>\u00abLamentablemente seguimos asistiendo al cierre de tambos diariamente\u00bb<\/em>, enfatiz\u00f3 <strong>Chemes <\/strong>agregando que adem\u00e1s desde la <strong>Subsecretar\u00eda de Lecher\u00eda<\/strong> no han cumplido con la promesa de hacer reuniones con todos los actores de la cadena presentes (producci\u00f3n, industria y comercializaci\u00f3n).<\/div>\n<div align=\"justify\">\n<em>\u00abYo creo que entre la industria y el supermercadismo, hay una responsabilidad compartida. Ellos son formadores de precios y al hacerlo, son pr\u00e1cticamente quienes definen los t\u00e9rminos del negocio. El Estado Nacional, tambi\u00e9n falla al no tener la voluntad de convocar una mesa tripartita que es necesario realizar<\/em>\u00ab, remarc\u00f3 <strong>Chemes <\/strong>y agreg\u00f3:<em>\u00abSinceramente yo no veo voluntad pol\u00edtica en las reuniones de avanzar con esta convocatoria, y esto yo creo que hace que estemos empantanados y que no podamos avanzar\u00bb.<\/em><\/div>\n<div align=\"justify\">\n<em>\u00abLa industria considera que lo peor de la crisis ya pas\u00f3, es cierto que estamos en una meseta donde hay signos de recuperaci\u00f3n, pero me da la sensaci\u00f3n que los tiempos que maneja la industria, son muy lentos, si los comparamos con la necesidad financiera que tiene el productor hoy\u00bb.<\/em><\/div>\n<div align=\"justify\"><\/div>\n<p align=\"justify\">Redacci\u00f3n <strong>Infortambo.com.ar<\/strong> en base a Video Entrevista, <em><strong>Prensa CRA<\/strong><\/em><\/p>\n","protected":false},"excerpt":{"rendered":"<p>Afirm\u00f3, Jorge Chemes, vicepresidente de CRA. Reconoci\u00f3 una recuperaci\u00f3n en el precio actual del litro de la leche, aunque \u201ctodav\u00eda no es suficiente para que quede un margen de rentabilidad\u201d<\/p>\n","protected":false},"author":5,"featured_media":0,"comment_status":"open","ping_status":"open","sticky":false,"template":"","format":"standard","meta":[],"categories":[46],"tags":[11,3302,3301,2955],"_links":{"self":[{"href":"http:\/\/rurallascolonias.com.ar\/index.php?rest_route=\/wp\/v2\/posts\/12407"}],"collection":[{"href":"http:\/\/rurallascolonias.com.ar\/index.php?rest_route=\/wp\/v2\/posts"}],"about":[{"href":"http:\/\/rurallascolonias.com.ar\/index.php?rest_route=\/wp\/v2\/types\/post"}],"author":[{"embeddable":true,"href":"http:\/\/rurallascolonias.com.ar\/index.php?rest_route=\/wp\/v2\/users\/5"}],"replies":[{"embeddable":true,"href":"http:\/\/rurallascolonias.com.ar\/index.php?rest_route=%2Fwp%2Fv2%2Fcomments&post=12407"}],"version-history":[{"count":1,"href":"http:\/\/rurallascolonias.com.ar\/index.php?rest_route=\/wp\/v2\/posts\/12407\/revisions"}],"predecessor-version":[{"id":12409,"href":"http:\/\/rurallascolonias.com.ar\/index.php?rest_route=\/wp\/v2\/posts\/12407\/revisions\/12409"}],"wp:attachment":[{"href":"http:\/\/rurallascolonias.com.ar\/index.php?rest_route=%2Fwp%2Fv2%2Fmedia&parent=12407"}],"wp:term":[{"taxonomy":"category","embeddable":true,"href":"http:\/\/rurallascolonias.com.ar\/index.php?rest_route=%2Fwp%2Fv2%2Fcategories&post=12407"},{"taxonomy":"post_tag","embeddable":true,"href":"http:\/\/rurallascolonias.com.ar\/index.php?rest_route=%2Fwp%2Fv2%2Ftags&post=12407"}],"curies":[{"name":"wp","href":"https:\/\/api.w.org\/{rel}","templated":true}]}}