{"id":12305,"date":"2016-10-17T10:46:18","date_gmt":"2016-10-17T10:46:18","guid":{"rendered":"http:\/\/rurallascolonias.com.ar\/?p=12305"},"modified":"2016-10-17T13:52:10","modified_gmt":"2016-10-17T13:52:10","slug":"ley-de-semillas-principales-puntos-del-proyecto","status":"publish","type":"post","link":"http:\/\/rurallascolonias.com.ar\/?p=12305","title":{"rendered":"Ley de Semillas : principales puntos del proyecto"},"content":{"rendered":"<p><em><strong><a href=\"http:\/\/rurallascolonias.com.ar\/?attachment_id=12306\" rel=\"attachment wp-att-12306\"><img loading=\"lazy\" class=\"aligncenter wp-image-12306 size-medium\" src=\"http:\/\/rurallascolonias.com.ar\/wp-content\/uploads\/2016\/10\/ley-de-semillas-300x155.jpg\" alt=\"ley de semillas\" width=\"300\" height=\"155\" srcset=\"http:\/\/rurallascolonias.com.ar\/wp-content\/uploads\/2016\/10\/ley-de-semillas-300x155.jpg 300w, http:\/\/rurallascolonias.com.ar\/wp-content\/uploads\/2016\/10\/ley-de-semillas-600x310.jpg 600w, http:\/\/rurallascolonias.com.ar\/wp-content\/uploads\/2016\/10\/ley-de-semillas-624x323.jpg 624w, http:\/\/rurallascolonias.com.ar\/wp-content\/uploads\/2016\/10\/ley-de-semillas.jpg 648w\" sizes=\"(max-width: 300px) 100vw, 300px\" \/><\/a>El proyecto presentado por el gobierno contempla distintos aspectos relacionados con la propiedad intelectual y el uso propio. Avances y retrocesos<\/strong><\/em><!--more--><\/p>\n<div class=\"vsmcontent\">\n<p>Tras haber sufrido cr\u00edticas y embates de todos los sectores, finalmente el gobierno de Macri dar\u00e1 el \u00abgran paso\u00bb y se prepara para tratar en el Congreso su proyecto tendiente a modificar la actual Ley de Semillas.<\/p>\n<p>La iniciativa -a la que tuvo acceso iProfesional en exclusiva- recoge los reclamos de las empresas que desarrollan modificaciones gen\u00e9ticas que les otorgan a la soja, al ma\u00edz y al algod\u00f3n una mayor resistencia.<\/p>\n<p>Las quejas han surgido a ra\u00edz de que casi todos los productores que utilizan estas semillas no pagan lo que compa\u00f1\u00edas como Monsanto consideran que vale esa innovaci\u00f3n.<\/p>\n<p>Del otro lado del mostrador, las entidades que nuclean a los chacareros argumentan que lo justo ser\u00eda que por esas mejoras gen\u00e9ticas se abone una sola vez (al adquirir la bolsa con dichas semillas) y no en los sucesivos cultivos.<\/p>\n<p>Con el fin de zanjar estas diferencias, el macrismo impulsa un nuevo marco legal. El texto, que lleva la firma de Ricardo Buryaile, ministro de Agroindustria, y de Marcos Pe\u00f1a, jefe de Gabinete, especifica que:<\/p>\n<p>1.- Los productores tendr\u00e1n que abonar sumas adicionales durante tres campa\u00f1as -en concepto de propiedad intelectual- si es que mantienen la misma superficie de siembra.<\/p>\n<p>2.- Ya en una cuarta (campa\u00f1a) quedar\u00e1n exceptuados de ese pago, siempre que no hayan ampliado el n\u00famero de hect\u00e1reas cultivadas.<\/p>\n<p>3.- En caso de que s\u00ed hayan aumentado esa superficie, deber\u00e1n abonar un incremental.<\/p>\n<p>4.- Estos montos adicionales deber\u00e1n ser soportados por quienes posean \u00abuna facturaci\u00f3n anual mayor a TRES (3) veces el monto correspondiente a la categor\u00eda m\u00e1s alta del R\u00e9gimen Simplificado para Peque\u00f1os Contribuyentes\u00bb.<\/p>\n<p>5.- Se exceptuar\u00e1 de este canon a quienes facturen menos de $1,8 mill\u00f3n al a\u00f1o.<\/p>\n<p>6.- Se posibilitar\u00e1 el uso irrestricto a los pueblos originarios y a aquellos que promuevan la agricultura familiar.<\/p>\n<p>7.- Estos \u00faltimos deber\u00e1n estar inscriptos en el Registro Nacional de la Agricultura Familiar (RENAF).<\/p>\n<p>8.- Las empresas que desarrollan transg\u00e9nicos s\u00f3lo podr\u00e1n obtener ingresos a partir de la comercializaci\u00f3n de sus semillas y no mediante el monitoreo de los granos.<\/p>\n<p>Este \u00faltimo punto apunta a desterrar lo ocurrido hasta principios de a\u00f1o con Monsanto que -de manera compulsiva- implement\u00f3 controles en los puertos.<\/p>\n<p>La multinacional buscaba detectar aquellos cargamentos de soja con destino a la exportaci\u00f3n que inclu\u00edan su innovaci\u00f3n sin que la empresa haya percibido el canon correspondiente.<\/p>\n<p>Una vez que daba con ellos, proced\u00eda a \u00abcastigar\u00bb a los productores con una multa de u$s9,6 por tonelada.<\/p>\n<p><b>M\u00e1s del proyecto:<\/b><\/p>\n<p>Poder de polic\u00eda<\/p>\n<p>Con el nuevo marco, la modificaci\u00f3n a la Ley de Semillas otorgar\u00e1 al Instituto Nacional de Semillas (INASE) la potestad absoluta para verificar en cualquier lugar la legalidad de todo lo que se siembre.<\/p>\n<p>En concreto, el Gobierno asumir\u00e1 el rol de polic\u00eda. Estar\u00e1 facultado a:<\/p>\n<p>&#8211; Ingresar a las superficies sembradas para inspeccionar el tipo de semillas<\/p>\n<p>&#8211; Revisar los cargamentos de exportaci\u00f3n para as\u00ed fiscalizar el origen de los cultivos<\/p>\n<p>En otras palabras, ejercer\u00e1 el monitoreo que en su momento implement\u00f3 compulsivamente Monsanto.<\/p>\n<p>Un aspecto sobre el que nada dice el texto -y que encender\u00e1 m\u00e1s de una voz cr\u00edtica- tiene que ver con el tratamiento y acopio de semillas que no necesariamente incluyan modificaciones gen\u00e9ticas.<\/p>\n<p>El proyecto omite cualquier menci\u00f3n vinculada a que los productores puedan contar con una base sin \u00abcopyright\u00bb, en caso de no querer sembrar transg\u00e9nicos.<\/p>\n<p>De esta forma, el macrismo da por sentado que toda la agroindustria est\u00e1 atada a la utilizaci\u00f3n de innovaciones como las desarrolladas por Monsanto.<\/p>\n<p>Adem\u00e1s, alista un requerimiento legal acorde con las demandas de quienes hoy desarrollan nuevas variedades de soja, ma\u00edz, algod\u00f3n y, desde el a\u00f1o pasado, papa.<\/p>\n<p>Seg\u00fan el proyecto que el macrismo buscar\u00e1 aprobar en el Congreso, la necesidad de impulsar esta modificaci\u00f3n surge a partir de que la ley vigente (20.247) data de 1973.<\/p>\n<p>De modo tal que \u00abno contempla las nuevas realidades productivas, los avances tecnol\u00f3gicos, las nuevas formas organizativas y sociales, la diversificaci\u00f3n de cultivos, ni el corrimiento de la frontera agr\u00edcola consecuencia del mejoramiento gen\u00e9tico\u00bb.<\/p>\n<p>\u00ab&#8230; Se ha estimado necesario considerar el rol de cada uno de los actores de la cadena agr\u00edcola en el nuevo escenario productivo y encontrar un justo equilibrio entre los intereses de todos y fortaleciendo al Estado en su rol de representante del inter\u00e9s general\u00bb, se\u00f1ala la iniciativa.<\/p>\n<p>Esto \u00abfrente a eventuales situaciones que pongan en riesgo dicho inter\u00e9s, como garante y contralor del sistema previsto\u00bb.<\/p>\n<p>Para el gobierno de Macri, las modalidades de cobro que comenzar\u00e1n a contemplarse tras su aprobaci\u00f3n resultan \u00abnecesarias\u00bb a fin de \u00abevitar distorsiones en la cadena de comercializaci\u00f3n\u00bb.<\/p>\n<p>La regulaci\u00f3n vigente no contempla ning\u00fan \u00abcopyright\u00bb sobre las modificaciones gen\u00e9ticas, si bien las mismas se encuentran presentes en casi la totalidad de la soja que se siembra en la Argentina.<\/p>\n<p>La innovaci\u00f3n incluida las variedades que se comercializan a nivel local pertenece a Monsanto que, entre los a\u00f1os 70 y 80, desarroll\u00f3 semillas que resisten a su herbicida Roundup, etiqueta comercial del controvertido glifosato.<\/p>\n<p>Este invento de la multinacional est\u00e1 incorporado en toda la soja que, por citar dos ejemplos, hoy venden empresas \u00abpeso pesado\u00bb como Nidera y Don Mario.<\/p>\n<p>La expansi\u00f3n de este cultivo en la Argentina trajo como consecuencia la \u00abpirateada\u00bb de la gen\u00e9tica desarrollada por la firma estadounidense.<\/p>\n<p><b>Cr\u00edticas de ambos lados<\/b><\/p>\n<p>Detr\u00e1s de la posici\u00f3n de Monsanto se ubican empresas que tambi\u00e9n tienen sus propios transg\u00e9nicos y que evitan lanzarlos al mercado por temor a sufrir lo mismo que esta empresa, creadora del glifosato.<\/p>\n<p>Una de ellas es Bioceres, conformada por socios locales como Gustavo Grobocopatel y que, desde un a\u00f1o posee la patente de la primera soja con resistencia a sequ\u00eda -stress h\u00eddrico, en la jerga-.<\/p>\n<p>Desde Monsanto se\u00f1alaron a iProfesional que el sector semillero concentr\u00f3 su posici\u00f3n en un \u00fanico frente: la Asociaci\u00f3n de Semilleros Argentinos (ASA). Desde esta organizaci\u00f3n se despacharon de lo lindo en contra del proyecto oficial.<\/p>\n<p>\u00abLa iniciativa no responde a los objetivos de integraci\u00f3n con el mundo y con el desarrollo sostenible planteados por el Presidente Macri en la cumbre del G20\u00bb, sentenci\u00f3.<\/p>\n<p>Adem\u00e1s, list\u00f3 una serie de cr\u00edticas:<\/p>\n<p>&#8211; El proyecto no es superador del actual marco normativo<\/p>\n<p>&#8211; No promueve el mercado legal de semillas<\/p>\n<p>&#8211; No favorece la venta de semillas fiscalizadas<\/p>\n<p>&#8211; No establece mecanismos fiables de control<\/p>\n<p>&#8211; Desalienta inversiones para desarrollo e investigaci\u00f3n<\/p>\n<p>&#8211; No fomenta la introducci\u00f3n de nuevas tecnolog\u00edas<\/p>\n<p>&#8211; No contribuye a generar puestos de trabajo calificado<\/p>\n<p>Desde la entidad recalcaron que \u00abASA considera que el proyecto presentado pone en riesgo acuerdos internacionales firmados por la Argentina en cuestiones de propiedad intelectual\u00bb.<\/p>\n<p>\u00abEl texto avanza sobre derechos amparados por la Constituci\u00f3n y sobre tratados internacionales, generando inseguridad jur\u00eddica, lo que afecta al desarrollo de la industria semillera nacional\u00bb, a\u00f1adieron.<\/p>\n<p>En la otra vereda, entidades como la Sociedad Rural Argentina (SRA) o la Federaci\u00f3n Agraria Argentina (FAA) tampoco muestran su conformidad a la nueva ley de Semillas que impulsa el gobierno de Macri.<\/p>\n<p>Entienden que est\u00e1 hecha \u00aba pedido\u00bb de Monsanto y de otras compa\u00f1\u00edas.<\/p>\n<p>\u00abEstamos de acuerdo en que debe pagarse por la innovaci\u00f3n, pero el Estado tiene que crear reglas para evitar los oligopolios\u00bb, asegur\u00f3 a iProfesional Daniel Pelegrina, vicepresidente de la SRA.<\/p>\n<p>\u00abMonsanto siempre ha tenido ese tipo de comportamientos y por eso la hemos denunciado en Defensa de la Competencia\u00bb, remarc\u00f3.<\/p>\n<p>En su visi\u00f3n, \u00abno tendr\u00eda que abonarse un canon posterior. Los productores pagan por esa innovaci\u00f3n directamente al comprar la bolsa\u00bb.<\/p>\n<p>\u00abLa soberan\u00eda en estas cuestiones es algo que nos importa. Nos parece clave que existan m\u00e1s oferentes en materia de diversidad gen\u00e9tica. No puede ser que una o dos compa\u00f1\u00edas concentren toda la oferta\u00bb, se quej\u00f3 Pelegrina.<\/p>\n<p>\u00abTampoco queremos que las empresas puedan seguir teniendo derecho a cobrar durante a\u00f1os por esa primera semilla que ya vendieron\u00bb, concluy\u00f3.<\/p>\n<\/div>\n<div class=\"copyright\">\n<div class=\"author\">iProfesional<\/div>\n<\/div>\n","protected":false},"excerpt":{"rendered":"<p>El proyecto presentado por el gobierno contempla distintos aspectos relacionados con la propiedad intelectual y el uso propio. Avances y retrocesos<\/p>\n","protected":false},"author":5,"featured_media":0,"comment_status":"open","ping_status":"open","sticky":false,"template":"","format":"standard","meta":[],"categories":[130],"tags":[2843],"_links":{"self":[{"href":"http:\/\/rurallascolonias.com.ar\/index.php?rest_route=\/wp\/v2\/posts\/12305"}],"collection":[{"href":"http:\/\/rurallascolonias.com.ar\/index.php?rest_route=\/wp\/v2\/posts"}],"about":[{"href":"http:\/\/rurallascolonias.com.ar\/index.php?rest_route=\/wp\/v2\/types\/post"}],"author":[{"embeddable":true,"href":"http:\/\/rurallascolonias.com.ar\/index.php?rest_route=\/wp\/v2\/users\/5"}],"replies":[{"embeddable":true,"href":"http:\/\/rurallascolonias.com.ar\/index.php?rest_route=%2Fwp%2Fv2%2Fcomments&post=12305"}],"version-history":[{"count":1,"href":"http:\/\/rurallascolonias.com.ar\/index.php?rest_route=\/wp\/v2\/posts\/12305\/revisions"}],"predecessor-version":[{"id":12307,"href":"http:\/\/rurallascolonias.com.ar\/index.php?rest_route=\/wp\/v2\/posts\/12305\/revisions\/12307"}],"wp:attachment":[{"href":"http:\/\/rurallascolonias.com.ar\/index.php?rest_route=%2Fwp%2Fv2%2Fmedia&parent=12305"}],"wp:term":[{"taxonomy":"category","embeddable":true,"href":"http:\/\/rurallascolonias.com.ar\/index.php?rest_route=%2Fwp%2Fv2%2Fcategories&post=12305"},{"taxonomy":"post_tag","embeddable":true,"href":"http:\/\/rurallascolonias.com.ar\/index.php?rest_route=%2Fwp%2Fv2%2Ftags&post=12305"}],"curies":[{"name":"wp","href":"https:\/\/api.w.org\/{rel}","templated":true}]}}