{"id":12286,"date":"2016-10-14T15:21:55","date_gmt":"2016-10-14T15:21:55","guid":{"rendered":"http:\/\/rurallascolonias.com.ar\/?p=12286"},"modified":"2016-10-14T15:21:55","modified_gmt":"2016-10-14T15:21:55","slug":"morini-hay-funcionarios-que-no-entienden-el-sector-lechero","status":"publish","type":"post","link":"http:\/\/rurallascolonias.com.ar\/?p=12286","title":{"rendered":"Morini: \u201cHay funcionarios que no entienden el sector lechero\u201d"},"content":{"rendered":"<p><strong><em><a href=\"http:\/\/rurallascolonias.com.ar\/?attachment_id=9068\" rel=\"attachment wp-att-9068\"><img loading=\"lazy\" class=\"alignleft wp-image-9068 size-medium\" src=\"http:\/\/rurallascolonias.com.ar\/wp-content\/uploads\/2015\/12\/MORINI-300x133.jpg\" alt=\"MORINI\" width=\"300\" height=\"133\" srcset=\"http:\/\/rurallascolonias.com.ar\/wp-content\/uploads\/2015\/12\/MORINI-300x133.jpg 300w, http:\/\/rurallascolonias.com.ar\/wp-content\/uploads\/2015\/12\/MORINI-600x266.jpg 600w, http:\/\/rurallascolonias.com.ar\/wp-content\/uploads\/2015\/12\/MORINI-624x277.jpg 624w, http:\/\/rurallascolonias.com.ar\/wp-content\/uploads\/2015\/12\/MORINI.jpg 631w\" sizes=\"(max-width: 300px) 100vw, 300px\" \/><\/a>Pedro Morini, Secretario de Lecher\u00eda de Santa Fe, se expres\u00f3 en relaci\u00f3n a la situaci\u00f3n que atraviesa el sector lechero en la provincia y en el pa\u00eds<\/em><\/strong><!--more--><\/p>\n<p>Al aire en el programa Agenda de Todos, Morini se\u00f1al\u00f3 que \u201cel sector se est\u00e1 recuperando de a poco, en el sentido que volvemos a recuperar precios; este mes de octubre ha repuntado el precio. La tendencia es seguir recuper\u00e1ndonos, con una inflaci\u00f3n que ha bajado, con el precio del ma\u00edz que ha bajado. La ecuaci\u00f3n en el sector est\u00e1 para no perder plata, se est\u00e1 equilibrando\u201d.<\/p>\n<p>Al respecto, el secretario explic\u00f3 que \u201cde ocho millones de litros ca\u00edmos a cuatro; hoy estamos llegando a 5 millones ochocientos y nos falta recuperar 2.800 millones de litros de producci\u00f3n diaria que significan 10 millones por d\u00eda de p\u00e9rdida de producci\u00f3n para los santafesinos\u201d.<\/p>\n<p>Por otro lado, Morini manifest\u00f3 que \u201cnosotros sabiendo de esta situaci\u00f3n que estaba el gobierno nacional trabajando por el tema del 5% de retenciones a la soja, impulsamos que ese dinero, que es 16 mil millones de pesos, vuelva y se aplique en todas las econom\u00edas regionales, que una de las m\u00e1s importantes es el tambo. Pero el gobierno se queda con 8.900 mil millones y lo otro va a 7.100 al ministerio de agroindustria para ser redistribuido; una parte para tema fletes, el resto se va a distribuir una parte que ir\u00eda a las exportaciones, pero me parece que esto es volver a subsidiar a la industria y no al sector primario\u201d.<\/p>\n<p>\u201cVa a quedar muy poco plata, el ministro no me dijo la cantidad. En el gobierno nacional solo otorg\u00f3 los 40 millones de emergencia\u201d puntualiz\u00f3 Morini.<\/p>\n<p>Frente a la consulta de si se va a reconfigurar el sector l\u00e1cteo debido a esta crisis, el entrevistado aclar\u00f3 que \u201cva a seguir en armon\u00eda, no van a poder hacer las reservas para el invierno. Hay funcionarios que no entienden c\u00f3mo funciona el tambo: El tambo es una caja de ahorro anticipada, el tambo tiene que poner plata ahora, en el verano, producir los granos, el heno, para que en invierno cuando la vaca produce mejor, estar en condiciones. Hoy ya el problema es la cantidad de leche que tenemos para vender\u201d.<\/p>\n<p>Po \u00faltimo, el secretario manifest\u00f3 que \u201cno entiendo como un gobierno con la fuerza pol\u00edtica que tiene el gobierno nacional, no puede avanzar en estos sectores. En la provincia de Santa Fe, cuando uno suma el conjunto de la g\u00f3ndola, la producci\u00f3n l\u00e1ctea genera casi 3 mil millones de d\u00f3lares por a\u00f1o\u201d.<\/p>\n","protected":false},"excerpt":{"rendered":"<p>Pedro Morini, Secretario de Lecher\u00eda de Santa Fe, se expres\u00f3 en relaci\u00f3n a la situaci\u00f3n que atraviesa el sector lechero en la provincia y en el pa\u00eds<\/p>\n","protected":false},"author":5,"featured_media":0,"comment_status":"open","ping_status":"open","sticky":false,"template":"","format":"standard","meta":[],"categories":[46,1393],"tags":[2483,2857],"_links":{"self":[{"href":"http:\/\/rurallascolonias.com.ar\/index.php?rest_route=\/wp\/v2\/posts\/12286"}],"collection":[{"href":"http:\/\/rurallascolonias.com.ar\/index.php?rest_route=\/wp\/v2\/posts"}],"about":[{"href":"http:\/\/rurallascolonias.com.ar\/index.php?rest_route=\/wp\/v2\/types\/post"}],"author":[{"embeddable":true,"href":"http:\/\/rurallascolonias.com.ar\/index.php?rest_route=\/wp\/v2\/users\/5"}],"replies":[{"embeddable":true,"href":"http:\/\/rurallascolonias.com.ar\/index.php?rest_route=%2Fwp%2Fv2%2Fcomments&post=12286"}],"version-history":[{"count":1,"href":"http:\/\/rurallascolonias.com.ar\/index.php?rest_route=\/wp\/v2\/posts\/12286\/revisions"}],"predecessor-version":[{"id":12287,"href":"http:\/\/rurallascolonias.com.ar\/index.php?rest_route=\/wp\/v2\/posts\/12286\/revisions\/12287"}],"wp:attachment":[{"href":"http:\/\/rurallascolonias.com.ar\/index.php?rest_route=%2Fwp%2Fv2%2Fmedia&parent=12286"}],"wp:term":[{"taxonomy":"category","embeddable":true,"href":"http:\/\/rurallascolonias.com.ar\/index.php?rest_route=%2Fwp%2Fv2%2Fcategories&post=12286"},{"taxonomy":"post_tag","embeddable":true,"href":"http:\/\/rurallascolonias.com.ar\/index.php?rest_route=%2Fwp%2Fv2%2Ftags&post=12286"}],"curies":[{"name":"wp","href":"https:\/\/api.w.org\/{rel}","templated":true}]}}