{"id":12113,"date":"2016-09-29T15:49:13","date_gmt":"2016-09-29T15:49:13","guid":{"rendered":"http:\/\/rurallascolonias.com.ar\/?p=12113"},"modified":"2016-09-29T15:49:13","modified_gmt":"2016-09-29T15:49:13","slug":"el-problema-es-que-el-tema-lecheria-esta-en-manos-del-subsecretario","status":"publish","type":"post","link":"http:\/\/rurallascolonias.com.ar\/?p=12113","title":{"rendered":"\u201cEl problema es que el tema lecher\u00eda est\u00e1 en manos del Subsecretario\u201d"},"content":{"rendered":"<p><em><strong><a href=\"http:\/\/rurallascolonias.com.ar\/?attachment_id=12114\" rel=\"attachment wp-att-12114\"><img loading=\"lazy\" class=\"aligncenter size-full wp-image-12114\" src=\"http:\/\/rurallascolonias.com.ar\/wp-content\/uploads\/2016\/09\/Chiesa.jpg\" alt=\"Chiesa\" width=\"300\" height=\"300\" srcset=\"http:\/\/rurallascolonias.com.ar\/wp-content\/uploads\/2016\/09\/Chiesa.jpg 300w, http:\/\/rurallascolonias.com.ar\/wp-content\/uploads\/2016\/09\/Chiesa-150x150.jpg 150w\" sizes=\"(max-width: 300px) 100vw, 300px\" \/><\/a>La mirada err\u00f3nea de la crisis sectorial que tiene Alejandro Sammartino es lo que lleva a Dardo Chiesa, como presidente de CRA, a sacar esta conclusi\u00f3n<\/strong><\/em><!--more--><\/p>\n<p>La lecher\u00eda es otro de los segmentos del campo que presenta todo tipo de disparidades. A partir de cuatro pesos cobra el productor y en los supermercados el litro de leche para el consumo est\u00e1 unos 17 pesos, sobre eso llama a trabajar Dardo Chiesa Chiesa, el presidente de Confederaciones Rurales Argentinas que , \u201cel campo est\u00e1 pasando un mal momento en algunos sectores\u201d y que anda por \u201cun camino sinuoso\u201d.<\/p>\n<p>De la urgencia que siempre recordamos en este espacio, citado as\u00ed el tema por el actual Gobierno, al inicio de su gesti\u00f3n, a la falta de decisiones y acciones a lo largo de estos diez meses de mandato, el sector espera sin expectativas.<\/p>\n<p>\u201cEl problema es que el tema lecher\u00eda est\u00e1 en manos del Subsecretario, Alejandro Sammartino, que tiene una visi\u00f3n err\u00f3nea del problema. Es un t\u00e9cnico al que respeto, pero me gustar\u00eda respetar su visi\u00f3n del problema, pero est\u00e1 pasando lo que nosotros dijimos que es que van a seguir cayendo tamberos, va a faltar leche y el precio va a subir\u201d. Muy concreto en sus dichos, en definitiva es algo que est\u00e1 ocurriendo, no s\u00f3lo con el cierre de explotaciones, sino con el traslado de animales entre tambos y un aumento del fen\u00f3meno de concentraci\u00f3n.<\/p>\n<p>El ruralista pone de manifiesto \u201cel paradigma que se presenta hoy, porque no se ha hecho nada en la cadena de la lecher\u00eda\u201d, ya que \u201cel 4 de abril nos prometieron una reuni\u00f3n con las usinas y con el supermercadismo, no se ha hecho absolutamente nada. El ministro Cabrera (de Producci\u00f3n) est\u00e1 mirando para otro lado, cuatro notas le mand\u00f3 CRA pidi\u00e9ndole una reuni\u00f3n y no nos recibe, a pesar que Comercio depende de \u00e9l\u201d. El titular de la entidad recuerda que actualmente \u201cse est\u00e1 exportando a Brasil leche a tres mil d\u00f3lares la tonelada, las dos industrias m\u00e1s grandes que no se merecen que las nombre, porque s\u00f3lo anunciaron un aumento de cinco centavos para el productor en los pr\u00f3ximos tres meses\u201d.<\/p>\n<p>Lo que aclara a Diario CASTELLANOS Dardo Chiesa es lo siguiente. \u201cNo queremos que vuelva Guillermo Moreno, pero s\u00ed que generemos los mecanismos institucionales para generar un orden\u201d. Aqu\u00ed destaca el trabajo que viene haciendo Santa Fe en este sentido a trav\u00e9s de Pedro Morini, como secretario de Lecher\u00eda, el ministro de la Producci\u00f3n, Luis Contigiani y el propio gobernador. \u201cLifschitz se ha hecho cargo del problema lechero, me consta porque los he acompa\u00f1ado, aportando valores de referencia, sin embargo esto a nivel nacional no impacta, entonces me parece que en el sector se aplica m\u00e1s una visi\u00f3n de funcionarios, que realmente saber por donde se sale del problema\u201d. Es as\u00ed que se insiste con la puesta en com\u00fan de las partes. \u201cSi nosotros vamos a una mesa de concertaci\u00f3n y ah\u00ed nos demuestran que no nos pueden pagar m\u00e1s de cuatro pesos, veremos que hacemos, pero mientras tanto lo que nos dicen los precios de referencia que publica Santa Fe es que tendr\u00edamos que estar cobrando entre 5,60 y seis pesos, con lo cual estar\u00edamos por encima de los costos de producci\u00f3n y eso no pasa\u201d, concluy\u00f3 el titular de Confederaciones Rurales Argentinas.<\/p>\n<p>Elida Thiery<\/p>\n","protected":false},"excerpt":{"rendered":"<p>La mirada err\u00f3nea de la crisis sectorial que tiene Alejandro Sammartino es lo que lleva a Dardo Chiesa, como presidente de CRA, a sacar esta conclusi\u00f3n<\/p>\n","protected":false},"author":5,"featured_media":0,"comment_status":"open","ping_status":"open","sticky":false,"template":"","format":"standard","meta":[],"categories":[14],"tags":[2355,89,3239,12,3240,3109,3076],"_links":{"self":[{"href":"http:\/\/rurallascolonias.com.ar\/index.php?rest_route=\/wp\/v2\/posts\/12113"}],"collection":[{"href":"http:\/\/rurallascolonias.com.ar\/index.php?rest_route=\/wp\/v2\/posts"}],"about":[{"href":"http:\/\/rurallascolonias.com.ar\/index.php?rest_route=\/wp\/v2\/types\/post"}],"author":[{"embeddable":true,"href":"http:\/\/rurallascolonias.com.ar\/index.php?rest_route=\/wp\/v2\/users\/5"}],"replies":[{"embeddable":true,"href":"http:\/\/rurallascolonias.com.ar\/index.php?rest_route=%2Fwp%2Fv2%2Fcomments&post=12113"}],"version-history":[{"count":1,"href":"http:\/\/rurallascolonias.com.ar\/index.php?rest_route=\/wp\/v2\/posts\/12113\/revisions"}],"predecessor-version":[{"id":12115,"href":"http:\/\/rurallascolonias.com.ar\/index.php?rest_route=\/wp\/v2\/posts\/12113\/revisions\/12115"}],"wp:attachment":[{"href":"http:\/\/rurallascolonias.com.ar\/index.php?rest_route=%2Fwp%2Fv2%2Fmedia&parent=12113"}],"wp:term":[{"taxonomy":"category","embeddable":true,"href":"http:\/\/rurallascolonias.com.ar\/index.php?rest_route=%2Fwp%2Fv2%2Fcategories&post=12113"},{"taxonomy":"post_tag","embeddable":true,"href":"http:\/\/rurallascolonias.com.ar\/index.php?rest_route=%2Fwp%2Fv2%2Ftags&post=12113"}],"curies":[{"name":"wp","href":"https:\/\/api.w.org\/{rel}","templated":true}]}}