{"id":12097,"date":"2016-09-28T13:11:20","date_gmt":"2016-09-28T13:11:20","guid":{"rendered":"http:\/\/rurallascolonias.com.ar\/?p=12097"},"modified":"2016-09-28T13:11:20","modified_gmt":"2016-09-28T13:11:20","slug":"se-complica-la-siembra-de-maiz-por-la-falta-de-humedad-en-cordoba-y-santa-fe","status":"publish","type":"post","link":"http:\/\/rurallascolonias.com.ar\/?p=12097","title":{"rendered":"Se complica la siembra de ma\u00edz por la falta de humedad en C\u00f3rdoba y Santa Fe"},"content":{"rendered":"<p><strong><em><a href=\"http:\/\/rurallascolonias.com.ar\/?attachment_id=12098\" rel=\"attachment wp-att-12098\"><img loading=\"lazy\" class=\"aligncenter size-full wp-image-12098\" src=\"http:\/\/rurallascolonias.com.ar\/wp-content\/uploads\/2016\/09\/siembra-de-ma\u00edz.jpg\" alt=\"siembra de ma\u00edz\" width=\"337\" height=\"149\" srcset=\"http:\/\/rurallascolonias.com.ar\/wp-content\/uploads\/2016\/09\/siembra-de-ma\u00edz.jpg 337w, http:\/\/rurallascolonias.com.ar\/wp-content\/uploads\/2016\/09\/siembra-de-ma\u00edz-300x133.jpg 300w\" sizes=\"(max-width: 337px) 100vw, 337px\" \/><\/a>De todos modos, seg\u00fan AFA, los productores todav\u00eda no se pasaron a la soja de primera<\/em><\/strong><!--more--><\/p>\n<p>Un informe de la Asociaci\u00f3n de Agricultores Federados (AFA) advirti\u00f3 que las \u201cclaras deficiencias de humedad\u201d amenazan el desarrollo de la siembra de ma\u00edz de primera en C\u00f3rdoba y Santa Fe, al tiempo que tambi\u00e9n ralentizan la implantaci\u00f3n de girasol restante de la campa\u00f1a actual.<\/p>\n<p>\u201cEl nivel de fertilizaci\u00f3n utilizado es medio, en muchos casos es fosfatada de base complementando luego en estados m\u00e1s avanzados con el aporte de las fuentes nitrogenadas. A pesar de la baja en los precios de los granos a futuro y la consiguiente ca\u00edda del margen bruto de este cultivo, en general se mantiene la superficie originalmente planteada\u201d, explic\u00f3 la entidad.<\/p>\n<p>De todos modos, aclar\u00f3 que en el resto del perfil la reserva h\u00eddrica es a\u00fan adecuada, lo cual mantiene las buenas condiciones para los cultivos de invierno y para el arranque de los lotes implantados con el cereal. \u201cSolo podr\u00eda caer el \u00e1rea prevista si no se restablece la humedad en superficie, pasando esos cuadros a soja de primera\u201d, afirm\u00f3.<\/p>\n<p>En cuanto a la zona de Alcorta-Carreras, el informe indic\u00f3 que all\u00ed \u201clos productores que reservaron la semilla con anticipaci\u00f3n no han cancelado los pedidos. Algunos de los que se demoraron en hacer la compra, al ver la baja del precio de mercado del grano y el costo de sembrarlo, han decidido hacer soja de primera\u201d.<\/p>\n<p>Para Firmat, asegur\u00f3 que el avance en las tareas es del 80%, con bajo registro h\u00eddrico y \u00a0lotes que \u201cdeber\u00e1n esperar una lluvia\u201d.<\/p>\n<p>No obstante, en la provincia de Buenos Aires AFA proyect\u00f3 un buen progreso para los cultivos. En Pergamino, el progreso de siembra lleg\u00f3 al 35%, con buena humedad en superficie, sin bajas de lotes ni cambios a soja de primera.<\/p>\n<p>Fuente: Infocampo<\/p>\n","protected":false},"excerpt":{"rendered":"<p>De todos modos, seg\u00fan AFA, los productores todav\u00eda no se pasaron a la soja de primera<\/p>\n","protected":false},"author":5,"featured_media":0,"comment_status":"open","ping_status":"open","sticky":false,"template":"","format":"standard","meta":[],"categories":[18],"tags":[3236,682,3237,119,267],"_links":{"self":[{"href":"http:\/\/rurallascolonias.com.ar\/index.php?rest_route=\/wp\/v2\/posts\/12097"}],"collection":[{"href":"http:\/\/rurallascolonias.com.ar\/index.php?rest_route=\/wp\/v2\/posts"}],"about":[{"href":"http:\/\/rurallascolonias.com.ar\/index.php?rest_route=\/wp\/v2\/types\/post"}],"author":[{"embeddable":true,"href":"http:\/\/rurallascolonias.com.ar\/index.php?rest_route=\/wp\/v2\/users\/5"}],"replies":[{"embeddable":true,"href":"http:\/\/rurallascolonias.com.ar\/index.php?rest_route=%2Fwp%2Fv2%2Fcomments&post=12097"}],"version-history":[{"count":1,"href":"http:\/\/rurallascolonias.com.ar\/index.php?rest_route=\/wp\/v2\/posts\/12097\/revisions"}],"predecessor-version":[{"id":12099,"href":"http:\/\/rurallascolonias.com.ar\/index.php?rest_route=\/wp\/v2\/posts\/12097\/revisions\/12099"}],"wp:attachment":[{"href":"http:\/\/rurallascolonias.com.ar\/index.php?rest_route=%2Fwp%2Fv2%2Fmedia&parent=12097"}],"wp:term":[{"taxonomy":"category","embeddable":true,"href":"http:\/\/rurallascolonias.com.ar\/index.php?rest_route=%2Fwp%2Fv2%2Fcategories&post=12097"},{"taxonomy":"post_tag","embeddable":true,"href":"http:\/\/rurallascolonias.com.ar\/index.php?rest_route=%2Fwp%2Fv2%2Ftags&post=12097"}],"curies":[{"name":"wp","href":"https:\/\/api.w.org\/{rel}","templated":true}]}}