{"id":12085,"date":"2016-09-27T15:57:57","date_gmt":"2016-09-27T15:57:57","guid":{"rendered":"http:\/\/rurallascolonias.com.ar\/?p=12085"},"modified":"2016-09-27T15:57:57","modified_gmt":"2016-09-27T15:57:57","slug":"el-consumo-de-fertilizantes-se-incremento-un-50-en-los-primeros-ocho-meses-del-ano","status":"publish","type":"post","link":"http:\/\/rurallascolonias.com.ar\/?p=12085","title":{"rendered":"El consumo de fertilizantes se increment\u00f3 un 50% en los primeros ocho meses del a\u00f1o"},"content":{"rendered":"<h2><em><strong><a href=\"http:\/\/rurallascolonias.com.ar\/?attachment_id=12086\" rel=\"attachment wp-att-12086\"><img loading=\"lazy\" class=\"aligncenter size-full wp-image-12086\" src=\"http:\/\/rurallascolonias.com.ar\/wp-content\/uploads\/2016\/09\/fertilizantes.jpg\" alt=\"fertilizantes\" width=\"291\" height=\"173\" \/><\/a>Seg\u00fan un informe de la Asociaci\u00f3n Civil FERTILIZAR, el consumo alcanz\u00f3 1,53 millones de toneladas en el per\u00edodo de 2016. El a\u00f1o pasado, hab\u00eda sido de un mill\u00f3n. Buryaile destac\u00f3 la reactivaci\u00f3n del sector agroindustrial<\/strong><\/em><\/h2>\n<p><!--more--><\/p>\n<p>Entre los meses de enero y agosto del corriente a\u00f1o el consumo de fertilizantes alcanz\u00f3 un total de 1.539.000 toneladas, mientras que en el mismo per\u00edodo del 2015 hab\u00eda llegado a 1.026.000 toneladas, lo que representa un aumento de poco m\u00e1s del 50%.<\/p>\n<p>\u00abEsto es un signo de la reactivaci\u00f3n del sector agroindustrial. Los productores invierten m\u00e1s y apuestan al paquete tecnol\u00f3gico\u00bb, asegur\u00f3 el ministro Buryaile y adem\u00e1s agreg\u00f3 que \u00ablas medidas que tomamos est\u00e1n teniendo un impacto econ\u00f3mico, social y tambi\u00e9n ambiental, ya que impulsamos el cuidado de los suelos y la rotaci\u00f3n de cultivos\u00bb.<\/p>\n<p>Los datos brindados por la asociaci\u00f3n civil Fertilizar demuestran que durante el segundo cuatrimestre del a\u00f1o (mayo-agosto), el despacho de fertilizantes fue casi un 58% m\u00e1s que el mismo periodo del a\u00f1o anterior. Pas\u00f3 de 770.000 toneladas en el 2015 a 1.218.000 toneladas en el 2016. Seg\u00fan la entidad, este incremento estuvo signado por la mejora en las condiciones de cultivo de los cereales de invierno.<\/p>\n<p><strong>Fuente: Nuestro Agro \/ MINAGRI<\/strong><\/p>\n","protected":false},"excerpt":{"rendered":"<p>Seg\u00fan un informe de la Asociaci\u00f3n Civil FERTILIZAR, el consumo alcanz\u00f3 1,53 millones de toneladas en el per\u00edodo de 2016. El a\u00f1o pasado, hab\u00eda sido de un mill\u00f3n. Buryaile destac\u00f3 la reactivaci\u00f3n del sector agroindustrial<\/p>\n","protected":false},"author":5,"featured_media":0,"comment_status":"open","ping_status":"open","sticky":false,"template":"","format":"standard","meta":[],"categories":[14],"tags":[3232,493],"_links":{"self":[{"href":"http:\/\/rurallascolonias.com.ar\/index.php?rest_route=\/wp\/v2\/posts\/12085"}],"collection":[{"href":"http:\/\/rurallascolonias.com.ar\/index.php?rest_route=\/wp\/v2\/posts"}],"about":[{"href":"http:\/\/rurallascolonias.com.ar\/index.php?rest_route=\/wp\/v2\/types\/post"}],"author":[{"embeddable":true,"href":"http:\/\/rurallascolonias.com.ar\/index.php?rest_route=\/wp\/v2\/users\/5"}],"replies":[{"embeddable":true,"href":"http:\/\/rurallascolonias.com.ar\/index.php?rest_route=%2Fwp%2Fv2%2Fcomments&post=12085"}],"version-history":[{"count":1,"href":"http:\/\/rurallascolonias.com.ar\/index.php?rest_route=\/wp\/v2\/posts\/12085\/revisions"}],"predecessor-version":[{"id":12087,"href":"http:\/\/rurallascolonias.com.ar\/index.php?rest_route=\/wp\/v2\/posts\/12085\/revisions\/12087"}],"wp:attachment":[{"href":"http:\/\/rurallascolonias.com.ar\/index.php?rest_route=%2Fwp%2Fv2%2Fmedia&parent=12085"}],"wp:term":[{"taxonomy":"category","embeddable":true,"href":"http:\/\/rurallascolonias.com.ar\/index.php?rest_route=%2Fwp%2Fv2%2Fcategories&post=12085"},{"taxonomy":"post_tag","embeddable":true,"href":"http:\/\/rurallascolonias.com.ar\/index.php?rest_route=%2Fwp%2Fv2%2Ftags&post=12085"}],"curies":[{"name":"wp","href":"https:\/\/api.w.org\/{rel}","templated":true}]}}