{"id":12066,"date":"2016-09-23T10:47:15","date_gmt":"2016-09-23T10:47:15","guid":{"rendered":"http:\/\/rurallascolonias.com.ar\/?p=12066"},"modified":"2016-09-23T18:49:20","modified_gmt":"2016-09-23T18:49:20","slug":"luis-etchevehere-fue-reelecto-para-presidir-la-sociedad-rural-argentina","status":"publish","type":"post","link":"http:\/\/rurallascolonias.com.ar\/?p=12066","title":{"rendered":"Luis Etchevehere fue reelecto para presidir la Sociedad Rural Argentina"},"content":{"rendered":"<h2><em><a href=\"http:\/\/rurallascolonias.com.ar\/?attachment_id=12067\" rel=\"attachment wp-att-12067\"><img loading=\"lazy\" class=\"alignleft size-full wp-image-12067\" src=\"http:\/\/rurallascolonias.com.ar\/wp-content\/uploads\/2016\/09\/ETCHEVEHERE.jpg\" alt=\"ETCHEVEHERE\" width=\"275\" height=\"183\" \/><\/a>En su tercer mandato, por el per\u00edodo 2016-2018, estar\u00e1 secundado por Daniel Pelegrina (Vicepresidente) y Nicol\u00e1s Pino (Vicepresidente 2\u00b0). \u00abEs un orgullo continuar\u00bb, destac\u00f3<\/em><\/h2>\n<p><!--more--><\/p>\n<p>Luis Miguel Etchevehere fue elegido para continuar como presidente de la Sociedad Rural Argentina (SRA), para el per\u00edodo 2016-2018. En su tercer mandato, estar\u00e1 acompa\u00f1ado nuevamente por Daniel Pelegrina, como vicepresidente, y Nicol\u00e1s Pino, como vicepresidente segundo.<\/p>\n<p>Durante la Asamblea General Ordinaria de la entidad, Etchevehere se\u00f1al\u00f3: \u00abHoy vemos que el campo est\u00e1 dando se\u00f1ales positivas de reactivaci\u00f3n, en una clara se\u00f1al de confianza y una apuesta de los productores por el futuro del pa\u00eds\u00bb.<\/p>\n<p>\u00abEl desaf\u00edo es ganar en competitividad, que todos nuestros productos lleguen en igualdad de condiciones con nuestros competidores a la mayor cantidad de mercados en el mundo\u00bb, agreg\u00f3.<\/p>\n<p>En este sentido, el presidente de la SRA consider\u00f3 que \u00abser\u00e1 fundamental la cooperaci\u00f3n p\u00fablico y privada, para acordar las pol\u00edticas necesarias que apoyen el crecimiento de la Argentina\u00bb.<\/p>\n<p>Adem\u00e1s, Etchevehere reconoci\u00f3: \u00abEs un orgullo continuar trabajando con los valores y principios de los fundadores, que tuvieron una visi\u00f3n de futuro al crear esta entidad hace 150 a\u00f1os\u00bb.<\/p>\n<p>Etchevehere se desempe\u00f1\u00f3 en la SRA como Delegado Zonal desde 1993 y m\u00e1s adelante como Director desde 1995 por el Distrito de Entre R\u00edos, donde tuvo una activa actuaci\u00f3n gremial en la Mesa de Enlace de esa provincia desde 2008. En 2010 fue electo vicepresidente segundo, en 2012 presidente de la entidad y \u00e9ste ser\u00e1 su tercer mandato al frente de la SRA.<\/p>\n<p><strong>Fuente: Nuestro Agro<\/strong><\/p>\n","protected":false},"excerpt":{"rendered":"<p>En su tercer mandato, por el per\u00edodo 2016-2018, estar\u00e1 secundado por Daniel Pelegrina (Vicepresidente) y Nicol\u00e1s Pino (Vicepresidente 2\u00b0). \u00abEs un orgullo continuar\u00bb, destac\u00f3<\/p>\n","protected":false},"author":5,"featured_media":0,"comment_status":"open","ping_status":"open","sticky":false,"template":"","format":"standard","meta":[],"categories":[42],"tags":[73,1450,1764],"_links":{"self":[{"href":"http:\/\/rurallascolonias.com.ar\/index.php?rest_route=\/wp\/v2\/posts\/12066"}],"collection":[{"href":"http:\/\/rurallascolonias.com.ar\/index.php?rest_route=\/wp\/v2\/posts"}],"about":[{"href":"http:\/\/rurallascolonias.com.ar\/index.php?rest_route=\/wp\/v2\/types\/post"}],"author":[{"embeddable":true,"href":"http:\/\/rurallascolonias.com.ar\/index.php?rest_route=\/wp\/v2\/users\/5"}],"replies":[{"embeddable":true,"href":"http:\/\/rurallascolonias.com.ar\/index.php?rest_route=%2Fwp%2Fv2%2Fcomments&post=12066"}],"version-history":[{"count":1,"href":"http:\/\/rurallascolonias.com.ar\/index.php?rest_route=\/wp\/v2\/posts\/12066\/revisions"}],"predecessor-version":[{"id":12068,"href":"http:\/\/rurallascolonias.com.ar\/index.php?rest_route=\/wp\/v2\/posts\/12066\/revisions\/12068"}],"wp:attachment":[{"href":"http:\/\/rurallascolonias.com.ar\/index.php?rest_route=%2Fwp%2Fv2%2Fmedia&parent=12066"}],"wp:term":[{"taxonomy":"category","embeddable":true,"href":"http:\/\/rurallascolonias.com.ar\/index.php?rest_route=%2Fwp%2Fv2%2Fcategories&post=12066"},{"taxonomy":"post_tag","embeddable":true,"href":"http:\/\/rurallascolonias.com.ar\/index.php?rest_route=%2Fwp%2Fv2%2Ftags&post=12066"}],"curies":[{"name":"wp","href":"https:\/\/api.w.org\/{rel}","templated":true}]}}