{"id":1201,"date":"2014-02-04T14:34:46","date_gmt":"2014-02-04T14:34:46","guid":{"rendered":"http:\/\/rurallascolonias.com.ar\/?p=1201"},"modified":"2014-02-04T14:34:46","modified_gmt":"2014-02-04T14:34:46","slug":"sector-rural-considera-que-el-gobierno-esta-leyendo-el-libro-de-la-realidad-al-reves","status":"publish","type":"post","link":"http:\/\/rurallascolonias.com.ar\/?p=1201","title":{"rendered":"SECTOR RURAL CONSIDERA QUE \u00abel gobierno est\u00e1 leyendo el libro de la realidad al rev\u00e9s\u00bb"},"content":{"rendered":"<p><strong><em><a href=\"http:\/\/rurallascolonias.com.ar\/wp-content\/uploads\/2014\/02\/sector-rural.jpg\"><img loading=\"lazy\" class=\"alignleft size-full wp-image-1202\" alt=\"sector rural\" src=\"http:\/\/rurallascolonias.com.ar\/wp-content\/uploads\/2014\/02\/sector-rural.jpg\" width=\"259\" height=\"194\" \/><\/a>Expres\u00f3 \u00absu total repudio\u00bb a los dichos que Capitanich dirigi\u00f3 a productores<\/em><\/strong><\/p>\n<p>Confederaciones Rurales Argentinas (CRA) expres\u00f3 \u00absu total repudio\u00bb ante las \u00abmanifestaciones nuevamente agresivas\u00bb que el jefe de Gabinete, Jorge Capitanich, dirigi\u00f3 \u00abal sector productivo en su totalidad\u00bb.<!--more--><\/p>\n<p>\u00abEn su cotidiana exposici\u00f3n matutina Capitanich volvi\u00f3 a encender la mecha, intentando incentivar el odio entre los mismos argentinos, demostrando no estar a la altura del cargo que ocupa y de la actualidad de la Argentina\u00bb, indic\u00f3 en un comunicado emitido ayer la entidad que dirige Rub\u00e9n Ferrero.<\/p>\n<p>En el escrito, los ruralistas se remiten a la frase de Capitanich que dijo \u00abQuien m\u00e1s ayud\u00f3 a los productores es el gobierno\u00bb.<\/p>\n<p>\u00ab\u00bfSe referir\u00e1 a desincentivar la producci\u00f3n de trigo a trav\u00e9s de cuotas de exportaci\u00f3n, intervenciones y precios m\u00e1ximos que demolieron un mercado competitivo, expulsando al 50% de los productores?\u00bb, se pregunt\u00f3 CRA.<\/p>\n<p>Manifest\u00f3 que \u00abel incentivo tampoco pudo haber dejado sobre la mesa la menor superficie sembrada de trigo de los \u00faltimos 111 a\u00f1os, la p\u00e9rdida de mercados externos y los graves problemas para abastecer el consumo interno\u00bb.<\/p>\n<p>\u00abLa ayuda para producir \u00bfser\u00e1 para el ma\u00edz? Hoy nuestro pa\u00eds podr\u00eda producir 35 millones de toneladas, consolidarse como segundo exportador mundial y aportar divisas a la econom\u00eda nacional por m\u00e1s de 5.000 millones de d\u00f3lares. Sin embargo lejos estamos\u00bb, dijo.<\/p>\n<p>Adem\u00e1s se\u00f1al\u00f3 que \u00ablos productores no especulan, no son avaros y no son monstruos antipatriotas que se levantan todos los d\u00edas para atentar contra la econom\u00eda del pa\u00eds y, por ende, contra sus propios hermanos, como quiere hacerle creer el gobierno a la sociedad\u00bb.<\/p>\n<p>\u00abEs la clara b\u00fasqueda de encontrar culpables la pol\u00edtica m\u00e1s identificatoria de estos 10 a\u00f1os, sin asumir sus propios errores, sus desmanejos, su conciente ignorancia sobre temas productivos, el Ejecutivo nacional ataca y ataca, a los medios independientes, a los empresarios no oficialistas, a los productores agropecuarios y a los dirigentes del campo, dilatando la toma de medidas concretas que formen parte de una soluci\u00f3n de larga plazo\u00bb, precis\u00f3 CRA.<\/p>\n<p>Por otra parte, Confederaciones record\u00f3 que desde el sector productivo \u00abnos cansamos de intentar abrir puentes de di\u00e1logo con referentes del gobierno, y siempre recibimos reveses que solo buscan ningunear a los productores, a los dirigentes agropecuarios y a las entidades m\u00e1s representativas del campo\u00bb.<\/p>\n<p>\u00abUna vez m\u00e1s el gobierno est\u00e1 leyendo el libro de la realidad al rev\u00e9s, buscando el camino del odio, del amigo-enemigo, no poni\u00e9ndose ni de cerca de la altura de las circunstancias\u00bb, critic\u00f3 la entidad. (NA)<\/p>\n<p>Fuente:\u00a0<a title=\"La Nueva Provincia\" href=\"http:\/\/www.lanueva.com\/\">La Nueva Provincia<\/a><\/p>\n","protected":false},"excerpt":{"rendered":"<p>Expres\u00f3 \u00absu total repudio\u00bb a los dichos que Capitanich dirigi\u00f3 a productores Confederaciones Rurales Argentinas (CRA) expres\u00f3 \u00absu total repudio\u00bb ante las \u00abmanifestaciones nuevamente agresivas\u00bb que el jefe de Gabinete, Jorge Capitanich, dirigi\u00f3 \u00abal sector productivo en su totalidad\u00bb.<\/p>\n","protected":false},"author":5,"featured_media":0,"comment_status":"closed","ping_status":"closed","sticky":false,"template":"","format":"standard","meta":[],"categories":[33],"tags":[30,176,71,158,489],"_links":{"self":[{"href":"http:\/\/rurallascolonias.com.ar\/index.php?rest_route=\/wp\/v2\/posts\/1201"}],"collection":[{"href":"http:\/\/rurallascolonias.com.ar\/index.php?rest_route=\/wp\/v2\/posts"}],"about":[{"href":"http:\/\/rurallascolonias.com.ar\/index.php?rest_route=\/wp\/v2\/types\/post"}],"author":[{"embeddable":true,"href":"http:\/\/rurallascolonias.com.ar\/index.php?rest_route=\/wp\/v2\/users\/5"}],"replies":[{"embeddable":true,"href":"http:\/\/rurallascolonias.com.ar\/index.php?rest_route=%2Fwp%2Fv2%2Fcomments&post=1201"}],"version-history":[{"count":1,"href":"http:\/\/rurallascolonias.com.ar\/index.php?rest_route=\/wp\/v2\/posts\/1201\/revisions"}],"predecessor-version":[{"id":1203,"href":"http:\/\/rurallascolonias.com.ar\/index.php?rest_route=\/wp\/v2\/posts\/1201\/revisions\/1203"}],"wp:attachment":[{"href":"http:\/\/rurallascolonias.com.ar\/index.php?rest_route=%2Fwp%2Fv2%2Fmedia&parent=1201"}],"wp:term":[{"taxonomy":"category","embeddable":true,"href":"http:\/\/rurallascolonias.com.ar\/index.php?rest_route=%2Fwp%2Fv2%2Fcategories&post=1201"},{"taxonomy":"post_tag","embeddable":true,"href":"http:\/\/rurallascolonias.com.ar\/index.php?rest_route=%2Fwp%2Fv2%2Ftags&post=1201"}],"curies":[{"name":"wp","href":"https:\/\/api.w.org\/{rel}","templated":true}]}}