{"id":11967,"date":"2016-09-15T10:27:44","date_gmt":"2016-09-15T10:27:44","guid":{"rendered":"http:\/\/rurallascolonias.com.ar\/?p=11967"},"modified":"2016-09-15T16:32:28","modified_gmt":"2016-09-15T16:32:28","slug":"el-desarrollo-de-la-nina-pierde-fuerza","status":"publish","type":"post","link":"http:\/\/rurallascolonias.com.ar\/?p=11967","title":{"rendered":"EL DESARROLLO DE \u201cLA NI\u00d1A\u201d PIERDE FUERZA"},"content":{"rendered":"<p><em><strong><a href=\"http:\/\/rurallascolonias.com.ar\/?attachment_id=11968\" rel=\"attachment wp-att-11968\"><img loading=\"lazy\" class=\"aligncenter size-full wp-image-11968\" src=\"http:\/\/rurallascolonias.com.ar\/wp-content\/uploads\/2016\/09\/La-Ni\u00f1a.jpg\" alt=\"La Ni\u00f1a\" width=\"300\" height=\"168\" \/><\/a>AL MISMO TIEMPO QUE EL OC\u00c9ANO ATL\u00c1NTICO SUR MUESTRA UNA ACCI\u00d3N POSITIVA SOBRE EL R\u00c9GIMEN H\u00cdDRICO<\/strong><\/em><!--more--><\/p>\n<div>\n<div>A comienzos de la temporada, muchos centros de previsi\u00f3n clim\u00e1tica coincidieron en que la campa\u00f1a 2016\/2017 ser\u00eda afectada por un intenso episodio de \u201cLa Ni\u00f1a\u201d, pero el lento desarrollo del fen\u00f3meno hace dudar de que esa previsi\u00f3n se cumpla.<\/div>\n<div>Debido a ello, muchas instituciones, entre las que se cuentan la Administraci\u00f3n Nacional de la Atm\u00f3sfera y el Oc\u00e9ano (NOAA) de los EE.UU. y el Bureau of Meteorology australiano (BOM), bajaron el nivel de su previsi\u00f3n a un estado entre una \u201cLa Ni\u00f1a\u201d d\u00e9bil o un \u201cNeutral Fr\u00edo\u201d, que es la versi\u00f3n m\u00e1s aceptada en el momento de redactarse este informe.<\/div>\n<div>Paralelamente, las amplias reservas de humedad ed\u00e1fica dejadas por \u201cEl Ni\u00f1o\u201d 2015\/2016, y los extensos espejos de agua que subsisten sobre el Litoral Fluvial, generan sistemas locales de precipitaciones capaces de mitigar en buena<\/div>\n<div>medida los efectos depresivos de \u201cLa Ni\u00f1a\u201d.<\/div>\n<div>Asimismo, el Atl\u00e1ntico Subtropical muestra un movimiento antag\u00f3nico entre la corriente marina c\u00e1lida del Brasil, que aporta agua caliente desde el Ecuador hacia del sur, y la corriente marina fr\u00eda de Malvinas, que aporta agua fr\u00eda desde el Mar Glacial Ant\u00e1rtico hacia el norte, produciendo perturbaciones que causan lluvias a las zonas cercanas al litoral mar\u00edtimo.<\/div>\n<div>No obstante, aunque con menor intensidad que la prevista inicialmente, \u201cLa Ni\u00f1a\u201d ir\u00e1 afirmando gradualmente su presencia, haci\u00e9ndose sentir progresivamente, afectando<\/div>\n<div>localmente a algunas regiones que se encuentran dentro de su foco de mayor influencia.<\/div>\n<div>En caso de que \u201cLa Ni\u00f1a\u201d continuara su desarrollo durante la campa\u00f1a 2017\/2018, sus efectos podr\u00edan llegar a sentirse en toda su intensidad, afectando seriamente a la producci\u00f3n de esa temporada.<\/div>\n<div><\/div>\n<div><b>EL ESTADO DEL OC\u00c9ANO ATL\u00c1NTICO SUR<\/b><\/div>\n<div>Desde mediados del a\u00f1o pasado, frente a la desembocadura del R\u00edo de la plata, viene produci\u00e9ndose un encuentro entre la corriente fr\u00eda de Malvinas y la corriente c\u00e1lida del Brasil, que a\u00fan subsiste.<\/div>\n<div>Este fen\u00f3meno viene produciendo una serie de perturbaciones que env\u00edan aire fr\u00edo y h\u00famedo hacia el continente, causando una gran persistencia de mal tiempo sobre el litoral atl\u00e1ntico entorpeciendo las labores agr\u00edcolas, y contribuyendo a la creciente de los grandes r\u00edos en el tramo inferior de sus cursos<\/div>\n<div>Se espera que esta situaci\u00f3n persista durante la mayor parte de la temporada 2016\/2017 provocando lluvias sobre las \u00e1reas cercanas al litoral mar\u00edtimo, mitigando<\/div>\n<div>considerablemente la acci\u00f3n negativa de \u201cLa Ni\u00f1a\u201d.<\/div>\n<div><\/div>\n<div><b>PERSPECTIVA H\u00cdDRICA GENERAL PARA LA CAMPA\u00d1A 2016\/2017<\/b><\/div>\n<div>Aunque el presente episodio de \u201cLa Ni\u00f1a\u201d apunta a ser d\u00e9bil, el \u00e1rea cercana al Oc\u00e9ano Pac\u00edfico, donde el efecto del fen\u00f3meno es positivo, recibir\u00e1 precipitaciones muy superiores a lo normal, acompa\u00f1adas por tormentas severas, con riesgo de granizo, aguaceros torrenciales y vientos. Este proceso abarcar\u00e1 la mayor parte del \u00e1rea agr\u00edcola chilena, el \u00e1rea agr\u00edcola boliviana, la Regi\u00f3n Occidental del Paraguay, el NOA, el oeste de la Regi\u00f3n del Chaco, el centro y el oeste de Cuyo y el extremo noroeste de la Regi\u00f3n Pampeana.<\/div>\n<div>Contrariamente, debido a su lejan\u00eda del Oc\u00e9ano Pac\u00edfico, el norte y el centro \u00e1rea agr\u00edcola del Brasil, donde la influencia del fen\u00f3meno tambi\u00e9n es positiva, no observar\u00e1n mayores perturbaciones, registrando precipitaciones cercanas a lo normal. S\u00f3lo la Regi\u00f3n Nordeste experimentar\u00e1 registros significativamente por encima del promedio.<\/div>\n<div>El sur del \u00e1rea agr\u00edcola brasile\u00f1a, la Regi\u00f3n Oriental del Paraguay, el centro y el este de la Regi\u00f3n Pampeana, la Mesopotamia y la Rep\u00fablica Oriental del Uruguay, donde la<\/div>\n<div>acci\u00f3n de \u201cLa Ni\u00f1a\u201d es negativa, recibir\u00e1n la influencia positiva del Oc\u00e9ano Atl\u00e1ntico, por lo que las precipitaciones alcanzar\u00e1n valores desde levemente inferiores hasta<\/div>\n<div>levemente superiores a lo normal.<\/div>\n<div>Contrariamente, el este de Cuyo, y el oeste de la Regi\u00f3n Pampeana se ver\u00e1n afectados por un intenso foco de sequ\u00eda, que tendr\u00e1 su epicentro sobre el sudeste de C\u00f3rdoba, el<\/div>\n<div>extremo norte de la Pampa, el sudoeste de Santa Fe y el noroeste de Buenos Aires, donde podr\u00edan desarrollarse condiciones altamente limitantes para la agricultura y la<\/div>\n<div>ganader\u00eda.<\/div>\n<div>En la interpretaci\u00f3n de esta perspectiva, ser\u00e1 importante tener en cuenta que las precipitaciones ser\u00e1n espaciadas, altern\u00e1ndose cortas rachas de intensa actividad, con riesgo de tormentas severas, con largos lapsos secos y calurosos.<\/div>\n<div><\/div>\n<div><b>PRIMAVERA 2016<\/b><\/div>\n<div>Durante la primavera ir\u00e1n afirm\u00e1ndose los rasgos descriptos en el apartado anterior.<\/div>\n<div>La mayor parte del \u00e1rea agr\u00edcola chilena, el \u00e1rea agr\u00edcola boliviana, la Regi\u00f3n Occidental del Paraguay, el NOA, el oeste de la Regi\u00f3n del Chaco, el centro y el oeste de Cuyo y el extremo noroeste de la Regi\u00f3n Pampeana, donde el accionar de \u201cLa Ni\u00f1a\u201d es positivo, comenzar\u00e1n a registrar precipitaciones superiores a lo normal, con alta probabilidad de tormentas severas, con riesgo de granizo, aguaceros torrenciales y vientos. Cabe se\u00f1alar que sobre el centro y el norte del \u00e1rea agr\u00edcola chilena y sobre Cuyo, dichos valores ser\u00e1n de escaso volumen, como lo determina el clima regional,<\/div>\n<div>pero superar\u00e1n los niveles normales.<\/div>\n<div>Debido a la debilidad del presente episodio de \u201cLa Ni\u00f1a\u201d y a su lejan\u00eda al Oc\u00e9ano Pac\u00edfico, el norte y el centro del \u00e1rea agr\u00edcola del Brasil, donde la influencia del fen\u00f3meno es positiva, no observar\u00e1n mayores perturbaciones, registrando<\/div>\n<div>precipitaciones cercanas a lo normal. S\u00f3lo la Regi\u00f3n Nordeste experimentar\u00e1 registros significativamente por encima del promedio.<\/div>\n<div>El sur del \u00e1rea agr\u00edcola brasile\u00f1a, la Regi\u00f3n Oriental del Paraguay, el centro y el este de la Regi\u00f3n Pampeana, la Mesopotamia y la Rep\u00fablica Oriental del Uruguay, donde la<\/div>\n<div>acci\u00f3n de \u201cLa Ni\u00f1a\u201d es negativa, recibir\u00e1n la influencia positiva<\/div>\n<div>del Oc\u00e9ano Atl\u00e1ntico, por lo que las precipitaciones alcanzar\u00e1n valores desde levemente inferiores hasta levemente superiores a lo normal.<\/div>\n<div>Sobre el sudeste de Cuyo, y el centro-oeste de la Regi\u00f3n Pampeana comenzar\u00e1 a diferenciarse un foco de sequ\u00eda, que tendr\u00e1 su epicentro sobre el sudeste de C\u00f3rdoba, el extremo norte de la Pampa, el sudoeste de Santa Fe y el noroeste de Buenos Aires.<\/div>\n<div>Las tormentas cordilleranas reducir\u00e1n su intensidad, pero manteni\u00e9ndose por encima de su nivel normal, manteniendo el riesgo de heladas hasta mediados de la estaci\u00f3n en el centro y el sur del \u00e1rea agr\u00edcola argentina y uruguaya, as\u00ed como en las zonas serranas.<\/div>\n<div>Paralelamente, comenzar\u00e1n a producirse lapsos secos y c\u00e1lidos prolongados, que se alternar\u00e1n con cortos pero intensos episodios de tormentas.<\/div>\n<div><\/div>\n<div><b>VERANO 2017<\/b><\/div>\n<div>Durante el verano se acentuar\u00e1n los rasgos descriptos en los apartados anteriores.<\/div>\n<div>La mayor parte del \u00e1rea agr\u00edcola chilena, el \u00e1rea agr\u00edcola boliviana, la Regi\u00f3n Occidental del Paraguay, el NOA, el oeste de la Regi\u00f3n del Chaco, el centro y el oeste de Cuyo y el extremo noroeste de la Regi\u00f3n Pampeana, donde el accionar de \u201cLa Ni\u00f1a\u201d es positivo, continuar\u00e1n registrando precipitaciones superiores a lo normal, con alta probabilidad de tormentas severas, con riesgo de granizo, aguaceros torrenciales y vientos. Tal como se indic\u00f3 para la primavera, cabe se\u00f1alar que sobre el centro y el norte del \u00e1rea agr\u00edcola chilena y sobre Cuyo, dichos valores ser\u00e1n de escaso volumen,<\/div>\n<div>como lo determina el clima regional, pero superar\u00e1n los niveles normales.<\/div>\n<div>El norte y el centro del \u00e1rea agr\u00edcola del Brasil, continuar\u00e1n observado precipitaciones cercanas a lo normal debido a que su distancia al Pac\u00edfico hace que los efectos de \u201cLa Ni\u00f1a\u201d no se manifiesten.<\/div>\n<div>El sur del \u00e1rea agr\u00edcola brasile\u00f1a, la Regi\u00f3n Oriental del Paraguay, el centro y el este de la Regi\u00f3n Pampeana, la Mesopotamia y la Rep\u00fablica Oriental del Uruguay, donde la<\/div>\n<div>acci\u00f3n de \u201cLa Ni\u00f1a\u201d es negativa, continuar\u00e1n recibiendo la influencia positiva del Oc\u00e9ano Atl\u00e1ntico, por lo que las precipitaciones alcanzar\u00e1n valores desde levemente inferiores hasta levemente superiores a lo normal.<\/div>\n<div>El foco de sequ\u00eda, previsto sobre el este de Cuyo y el oeste de la Regi\u00f3n Pampeana, incrementar\u00e1 su intensidad, extendiendo su acci\u00f3n sobre gran parte de Cuyo, el centro y sur de C\u00f3rdoba, el sur y parte del centro de Santa Fe, el oeste de Entre R\u00edos y la<\/div>\n<div>mayor parte de La Pampa y Bueno Aires.<\/div>\n<div>Las tormentas cordilleranas continuar\u00e1n superando su nivel normal, produciendo descensos t\u00e9rmicos fuertes, aunque sin riesgo de heladas, en el centro y el sur del \u00e1rea agr\u00edcola argentina y uruguaya, as\u00ed como en las zonas serranas.<\/div>\n<div>Paralelamente, se alargar\u00e1n los lapsos secos y c\u00e1lidos, que se alternar\u00e1n con cortas e intensas rachas de tormentas.<\/div>\n<div><\/div>\n<div><b>OTO\u00d1O 2017<\/b><\/div>\n<div>Durante el oto\u00f1o ir\u00e1n atenu\u00e1ndose los rasgos clim\u00e1ticos descriptos anteriormente.<\/div>\n<div>La mayor parte del \u00e1rea agr\u00edcola chilena, el \u00e1rea agr\u00edcola boliviana, la Regi\u00f3n Occidental del Paraguay, el NOA, el oeste de la Regi\u00f3n del Chaco, el centro y el oeste de Cuyo y el extremo noroeste de la Regi\u00f3n Pampeana, donde el accionar de \u201cLa Ni\u00f1a\u201d es positivo, seguir\u00e1n observando precipitaciones superiores a lo normal, con alta probabilidad de tormentas severas, con riesgo de granizo, aguaceros torrenciales y<\/div>\n<div>vientos. Tal como se indic\u00f3 para la primavera y el verano, cabe se\u00f1alar que sobre el centro y el norte del \u00e1rea agr\u00edcola chilena y sobre Cuyo, dichos valores ser\u00e1n de escaso volumen, como lo determina el clima regional, pero superar\u00e1n los niveles normales. El NOA entrar\u00e1 en forma temprana en la estaci\u00f3n seca.<\/div>\n<div>Contrariamente, la mayor parte del norte y el centro \u00e1rea agr\u00edcola del Brasil, a excepci\u00f3n de la Regi\u00f3n Nordeste, registrar\u00e1n un final temprano de la estaci\u00f3n de lluvias,<\/div>\n<div>entrando r\u00e1pidamente en la estaci\u00f3n seca del clima regional.<\/div>\n<div>El sur del \u00e1rea agr\u00edcola brasile\u00f1a, la Regi\u00f3n Oriental del Paraguay, el centro y el este de la Regi\u00f3n Pampeana, la Mesopotamia y la Rep\u00fablica Oriental del Uruguay, donde la<\/div>\n<div>acci\u00f3n de \u201cLa Ni\u00f1a\u201d es negativa, continuar\u00e1n recibiendo la influencia positiva del Oc\u00e9ano Atl\u00e1ntico, por lo que las precipitaciones alcanzar\u00e1n valores desde levemente inferiores hasta levemente superiores a lo normal.<\/div>\n<div>El foco de sequ\u00eda, previsto sobre el este de Cuyo y el oeste de la Regi\u00f3n Pampeana recibir\u00e1 un escaso alivio, por lo que el \u00e1rea afectada entrar\u00e1 en la campa\u00f1a 2017\/2018 con muy escaso contenido de humedad en los suelos.<\/div>\n<div>Las tormentas cordilleranas incrementar\u00e1n fuertemente su intensidad, superando su nivel normal, produciendo descensos t\u00e9rmicos fuertes, con creciente riesgo de heladas, en el centro y el sur del \u00e1rea agr\u00edcola argentina y uruguaya, as\u00ed como en las<\/div>\n<div>zonas serranas.<\/div>\n<div>Paralelamente, se acortar\u00e1n los lapsos secos y c\u00e1lidos prolongados, que se alternar\u00e1n con lapsos lluviosos m\u00e1s prolongados y calmos.<\/div>\n<div><\/div>\n<div><b>CONCLUSIONES<\/b><\/div>\n<div>\n<div>Como consecuencia de lo expuesto, la campa\u00f1a 2016\/2017 (Julio de 2016 a Junio de 2017) mostrar\u00e1 una gama de rasgos contrapuestos, que surgir\u00e1n de la puja entre el lento avance de \u201cLa Ni\u00f1a\u201d, la acci\u00f3n residual de \u201cEl Ni\u00f1o\u201d y la acci\u00f3n positiva del<\/div>\n<div>Oc\u00e9ano Atl\u00e1ntico, as\u00ed como de varios factores secundarios, negativos y positivos, que contribuir\u00e1n a esta compleja interacci\u00f3n.<\/div>\n<div>Por un lado, se producir\u00e1n cortas e intensas rachas de tormentas, que descargar\u00e1n sus precipitaciones en forma muy despareja,<\/div>\n<div>con riesgo de tormentas severas, con granizo y vientos, terminando con entradas de aire polar, con riesgo de heladas tard\u00edas, durante la primavera. No obstante, este \u00faltimo riesgo no ser\u00e1 tan intenso como el que se dar\u00eda si \u201cLa Ni\u00f1a\u201d alcanzara su pleno<\/div>\n<div>desarrollo en tiempo y forma.<\/div>\n<div>Por otro lado, se observar\u00e1n lapsos prolongados secos y calurosos, cuya duraci\u00f3n e intensidad ir\u00e1n acentu\u00e1ndose a medida que se acerque el verano<\/div>\n<\/div>\n<div>Por lo tanto, se trata de un escenario clim\u00e1tico que, aunque mucho menos riguroso que un episodio t\u00edpico de \u201cLa Ni\u00f1a\u201d, presentar\u00e1 numerosos riesgos que ir\u00e1n present\u00e1ndose a lo largo de su desarrollo, requiri\u00e9ndose una cuidadosa planificaci\u00f3n para enfrentarlos con \u00e9xito.<\/div>\n<div>De repetirse un nuevo episodio de \u201cLa Ni\u00f1a\u201d durante la campa\u00f1a 2017\/2018, el mismo podr\u00eda producir un efecto acumulativo considerable, tal como ya ocurri\u00f3 durante las temporadas 2008\/2009 y 2011\/2012, que, por ser precedidos por eventos de su<\/div>\n<div>misma naturaleza, produjeron fuertes impactos negativos.<\/div>\n<div>Afortunadamente, la perspectiva para la estaci\u00f3n oto\u00f1al, descripta en este informe, parece no avalar la posibilidad de que dicho riesgo se concrete. Por el contrario, las previsiones de algunos centros internacionales de gran prestigio, han comenzado a<\/div>\n<div>se\u00f1alar la posibilidad de que la campa\u00f1a 2017\/2018 se desarrolle en el marco de un episodio de tipo \u201cEl Ni\u00f1o\u201d.<\/div>\n<div>Por el momento, ello es s\u00f3lo una conjetura, por lo que ser\u00e1 necesario continuar vigilando la evoluci\u00f3n del escenario clim\u00e1tico.<\/div>\n<p><strong><u>Fuente<\/u>: BCBA<\/strong><\/p>\n<\/div>\n","protected":false},"excerpt":{"rendered":"<p>AL MISMO TIEMPO QUE EL OC\u00c9ANO ATL\u00c1NTICO SUR MUESTRA UNA ACCI\u00d3N POSITIVA SOBRE EL R\u00c9GIMEN H\u00cdDRICO<\/p>\n","protected":false},"author":5,"featured_media":0,"comment_status":"open","ping_status":"open","sticky":false,"template":"","format":"standard","meta":[],"categories":[40],"tags":[3196,2717],"_links":{"self":[{"href":"http:\/\/rurallascolonias.com.ar\/index.php?rest_route=\/wp\/v2\/posts\/11967"}],"collection":[{"href":"http:\/\/rurallascolonias.com.ar\/index.php?rest_route=\/wp\/v2\/posts"}],"about":[{"href":"http:\/\/rurallascolonias.com.ar\/index.php?rest_route=\/wp\/v2\/types\/post"}],"author":[{"embeddable":true,"href":"http:\/\/rurallascolonias.com.ar\/index.php?rest_route=\/wp\/v2\/users\/5"}],"replies":[{"embeddable":true,"href":"http:\/\/rurallascolonias.com.ar\/index.php?rest_route=%2Fwp%2Fv2%2Fcomments&post=11967"}],"version-history":[{"count":1,"href":"http:\/\/rurallascolonias.com.ar\/index.php?rest_route=\/wp\/v2\/posts\/11967\/revisions"}],"predecessor-version":[{"id":11969,"href":"http:\/\/rurallascolonias.com.ar\/index.php?rest_route=\/wp\/v2\/posts\/11967\/revisions\/11969"}],"wp:attachment":[{"href":"http:\/\/rurallascolonias.com.ar\/index.php?rest_route=%2Fwp%2Fv2%2Fmedia&parent=11967"}],"wp:term":[{"taxonomy":"category","embeddable":true,"href":"http:\/\/rurallascolonias.com.ar\/index.php?rest_route=%2Fwp%2Fv2%2Fcategories&post=11967"},{"taxonomy":"post_tag","embeddable":true,"href":"http:\/\/rurallascolonias.com.ar\/index.php?rest_route=%2Fwp%2Fv2%2Ftags&post=11967"}],"curies":[{"name":"wp","href":"https:\/\/api.w.org\/{rel}","templated":true}]}}