{"id":11962,"date":"2016-09-15T16:14:09","date_gmt":"2016-09-15T16:14:09","guid":{"rendered":"http:\/\/rurallascolonias.com.ar\/?p=11962"},"modified":"2016-09-15T16:14:09","modified_gmt":"2016-09-15T16:14:09","slug":"los-jovenes-somos-el-presente-somos-agentes-de-cambio","status":"publish","type":"post","link":"http:\/\/rurallascolonias.com.ar\/?p=11962","title":{"rendered":"\u201cLos j\u00f3venes somos el presente, somos agentes de cambio\u201d"},"content":{"rendered":"<p style=\"text-align: left;\"><strong><em><a href=\"http:\/\/rurallascolonias.com.ar\/?attachment_id=11963\" rel=\"attachment wp-att-11963\"><img loading=\"lazy\" class=\"alignnone wp-image-11963 size-medium\" src=\"http:\/\/rurallascolonias.com.ar\/wp-content\/uploads\/2016\/09\/grupete-300x170.jpg\" alt=\"grupete\" width=\"300\" height=\"170\" srcset=\"http:\/\/rurallascolonias.com.ar\/wp-content\/uploads\/2016\/09\/grupete-300x170.jpg 300w, http:\/\/rurallascolonias.com.ar\/wp-content\/uploads\/2016\/09\/grupete-600x340.jpg 600w, http:\/\/rurallascolonias.com.ar\/wp-content\/uploads\/2016\/09\/grupete.jpg 615w\" sizes=\"(max-width: 300px) 100vw, 300px\" \/><\/a><\/em><\/strong><\/p>\n<p style=\"text-align: left;\"><strong><em>\u00abLos j\u00f3venes somos el presente, somos agentes de cambio\u00bb<br \/>\nNota a Lucho Ledri, presidente de Ateneo CARSFE<\/em><\/strong><!--more--><\/p>\n<p>As\u00ed lo expresa el presidente de Ateneo CARSFE y vicepresidente del Ateneo de la Sociedad Rural de Las Colonias, Luis Ledri, quien se define como un apasionado del campo y orgulloso de formar parte de CRA<\/p>\n<p>Luis Ledri, m\u00e1s conocido como <i>Lucho<\/i> para los amigos, estudi\u00f3 Agronom\u00eda en la localidad de Esperanza. Inici\u00f3 su labor en el movimiento all\u00e1 por 2008, a ra\u00edz del conflicto provocado por la famosa Resoluci\u00f3n 125. \u201cMi participaci\u00f3n comenz\u00f3 por las injusticias que hicieron con el campo\u201d, afirma.<\/p>\n<p>Luego de estar un tiempo alejado del Ateneo para dedicarse a la facultad, sinti\u00f3 muchas ganas de volver, pero con la predisposici\u00f3n de crecer en el movimiento y en la dirigencia ruralista. \u201cMe gusta llamarla ruralista y no gremialista, ya que somos dirigentes rurales\u201d, explica. Actualmente ocupa los cargos de vicepresidente del Ateneo de la Sociedad Rural de Las Colonias y presidente del Ateneo CARSFE.<\/p>\n<p>El Ateneo de la Sociedad Rural de Las Colonias est\u00e1 constituido por alrededor de 20 chicos. \u201cLa cantidad var\u00eda seg\u00fan la \u00e9poca del a\u00f1o\u201d, comenta Ledri, ya que est\u00e1 compuesto por estudiantes. \u201cLo consideramos un ateneo de formaci\u00f3n y transici\u00f3n porque la mayor\u00eda de los chicos viene, se forma, y cuando se reciben vuelven a su lugar de origen\u201d. Para el atene\u00edsta \u201ces vocaci\u00f3n, no hay plata de por medio, lleva tiempo, y cuando les apasiona y les gusta se dedican de lleno\u201d.<\/p>\n<p>Ledri relata c\u00f3mo se relacionan con otras instituciones. \u201cCon el INTA de Esperanza participamos como delegados en las reuniones de Consejo y organizamos charlas t\u00e9cnicas para estudiantes y productores\u201d. Tambi\u00e9n participan de la Comisi\u00f3n de Desarrollo Tecnol\u00f3gico Agropecuario del Departamento Las Colonias (CODETEA), de la que forma parte la facultad, la Sociedad Rural y las escuelas rurales junto a otras instituciones.<\/p>\n<p>En cuanto a las charlas, trabajan en conjunto con el Centro de Estudiantes de Ciencias Veterinarias y Agrarias. \u201cSolemos brindar charlas sobre lecher\u00eda, capacitaciones en destete, reproducci\u00f3n, forrajes conservados, entre otras\u201d. En este sentido, \u201ccon el INTA trabajamos en conjunto, nosotros poniendo el espacio y la difusi\u00f3n, y ellos los t\u00e9cnicos\u201d. Ledri tambi\u00e9n cuenta que tienen capacitaciones internas en liderazgo y charlas con sus dirigentes.<\/p>\n<p>En lo que respecta a la relaci\u00f3n con los mayores, la define como \u201cuna relaci\u00f3n muy particular, porque nos apoyan en muchas de nuestras decisiones, movimientos y actividades\u201d. Los j\u00f3venes participan de las reuniones de la Comisi\u00f3n Directiva, y tienen una figura como socios dentro de la Rural. \u201cLos atene\u00edstas tenemos voz, somos escuchados. El apoyo que tenemos de nuestros dirigentes es importante y la relaci\u00f3n, muy gratificante\u201d, subraya Ledri.<\/p>\n<p><b>Hacer la diferencia<\/b><\/p>\n<p>\u201cEstar en el ateneo te distingue de tu par\u201d, asegura el joven. Lo nota con los compa\u00f1eros de la facultad: \u201chay una diferencia entre las personas que forman parte de un ateneo, de un movimiento, ya que la formaci\u00f3n que conlleva estar en este tipo de grupos predispone de otra manera a la hora de hablar y de estar informado\u201d. Participar de las reuniones de la comisi\u00f3n directiva hace que siempre est\u00e9n al tanto de la situaci\u00f3n. \u201cEl grado de informaci\u00f3n que uno maneja no lo tienen otros\u201d. Siguiendo esta l\u00ednea, \u201cnosotros en Las Colonias miramos para arriba y traemos mucha informaci\u00f3n para las bases\u201d.<\/p>\n<p>En cuanto a la participaci\u00f3n de los j\u00f3venes, Ledri la considera \u201cmuy importante porque los j\u00f3venes somos el presente, somos agentes de cambio. Cada uno desde su lugar genera cambios. Es relevante participar para formarnos y ocupar los lugares, ya que los lugares que no son ocupados por uno, los ocupa otro\u201d. En este sentido, Ledri cita una frase de cabecera aprendida de un profesor que marc\u00f3 su carrera: \u201cquien no vive para servir, no sirve para vivir\u201d.<\/p>\n<p><b>La cuenca lechera<\/b><\/p>\n<p>La principal problem\u00e1tica de su regi\u00f3n es la crisis de la lecher\u00eda. Hoy el costo para producir un litro de leche est\u00e1 arriba de $ 5,60, y al productor le est\u00e1n pagando $ 4,20. \u201cHay que mirar hacia adelante y que las pol\u00edticas se enfoquen en las econom\u00edas regionales\u201d, afirma y llama a la vez a \u201cinstitucionalizar el mercado\u201d.<\/p>\n<p>En Santa Fe, el gobierno todos los meses emite una capacidad de pago de los productos l\u00e1cteos en base a los que producen. \u201cHay herramientas para empezar a institucionalizar los mercados y veo algo muy positivo que es poder dialogar\u201d. Recientemente se conform\u00f3 una mesa l\u00e1ctea entre el Ministerio de Agroindustria y el Gobierno de Santa Fe. \u201cEl objetivo es sentar a la industria, el comercio, el productor y el consumidor para que entre los cuatro eslabones de la cadena debatan precios y estrategias de mercado\u201d.<\/p>\n<p><b>CRA, un orgullo<\/b><\/p>\n<p>El vicepresidente del Ateneo de Las Colonias se siente orgulloso de ser parte de CRA. \u201cEs una entidad federal y lo demuestra en cada comunicado que expresa, en cada opini\u00f3n que emite su presidente, Dardo Chiesa\u201d. Sostiene que lo representa muy bien, cada vez que lo escucha Ledri se siente \u201cencantado\u201d. Por otra parte, considera que \u201cCRA est\u00e1 muy bien informada de cada situaci\u00f3n productiva del pa\u00eds\u201d. A la hora de desarrollar pol\u00edticas, \u201ces fundamental escucharla y que tenga el peso que tiene\u201d.<\/p>\n<p><b>CARSFE<\/b><\/p>\n<p>La Confederaci\u00f3n de Asociaciones Rurales de la Provincia de Santa Fe est\u00e1 conformada por ocho ateneos y alrededor de 60 j\u00f3venes participan en el movimiento. \u201cEste a\u00f1o inauguramos uno en Sunchales y otro en Rafaela\u201d, relata Ledri. \u201cEstamos muy contentos y tenemos ganas de seguir poblando la provincia de ateneos, porque la formaci\u00f3n es importante, no s\u00f3lo la profesional, sino tambi\u00e9n la transmisi\u00f3n de valores, \u00e9tica y moral\u201d.<\/p>\n<p>Por \u00faltimo, el joven atene\u00edsta reflexiona \u201cdesde un ateneo sent\u00eds que pod\u00e9s aportar un granito de arena\u201d. Y agrega que \u201cla mejor forma de ense\u00f1ar es con el ejemplo, tirando para adelante y contagiando al resto\u201d.<\/p>\n<p>Fuente: CRA<\/p>\n","protected":false},"excerpt":{"rendered":"<p>\u00abLos j\u00f3venes somos el presente, somos agentes de cambio\u00bb Nota a Lucho Ledri, presidente de Ateneo CARSFE<\/p>\n","protected":false},"author":5,"featured_media":0,"comment_status":"open","ping_status":"open","sticky":false,"template":"","format":"standard","meta":[],"categories":[14],"tags":[3035,3194],"_links":{"self":[{"href":"http:\/\/rurallascolonias.com.ar\/index.php?rest_route=\/wp\/v2\/posts\/11962"}],"collection":[{"href":"http:\/\/rurallascolonias.com.ar\/index.php?rest_route=\/wp\/v2\/posts"}],"about":[{"href":"http:\/\/rurallascolonias.com.ar\/index.php?rest_route=\/wp\/v2\/types\/post"}],"author":[{"embeddable":true,"href":"http:\/\/rurallascolonias.com.ar\/index.php?rest_route=\/wp\/v2\/users\/5"}],"replies":[{"embeddable":true,"href":"http:\/\/rurallascolonias.com.ar\/index.php?rest_route=%2Fwp%2Fv2%2Fcomments&post=11962"}],"version-history":[{"count":1,"href":"http:\/\/rurallascolonias.com.ar\/index.php?rest_route=\/wp\/v2\/posts\/11962\/revisions"}],"predecessor-version":[{"id":11964,"href":"http:\/\/rurallascolonias.com.ar\/index.php?rest_route=\/wp\/v2\/posts\/11962\/revisions\/11964"}],"wp:attachment":[{"href":"http:\/\/rurallascolonias.com.ar\/index.php?rest_route=%2Fwp%2Fv2%2Fmedia&parent=11962"}],"wp:term":[{"taxonomy":"category","embeddable":true,"href":"http:\/\/rurallascolonias.com.ar\/index.php?rest_route=%2Fwp%2Fv2%2Fcategories&post=11962"},{"taxonomy":"post_tag","embeddable":true,"href":"http:\/\/rurallascolonias.com.ar\/index.php?rest_route=%2Fwp%2Fv2%2Ftags&post=11962"}],"curies":[{"name":"wp","href":"https:\/\/api.w.org\/{rel}","templated":true}]}}