{"id":11956,"date":"2016-09-15T15:36:02","date_gmt":"2016-09-15T15:36:02","guid":{"rendered":"http:\/\/rurallascolonias.com.ar\/?p=11956"},"modified":"2016-09-15T15:36:02","modified_gmt":"2016-09-15T15:36:02","slug":"calienta-motores-el-congreso-crea-2016","status":"publish","type":"post","link":"http:\/\/rurallascolonias.com.ar\/?p=11956","title":{"rendered":"Calienta motores el congreso CREA 2016"},"content":{"rendered":"<p><strong><em><a href=\"http:\/\/rurallascolonias.com.ar\/?attachment_id=11957\" rel=\"attachment wp-att-11957\"><img loading=\"lazy\" class=\"aligncenter size-full wp-image-11957\" src=\"http:\/\/rurallascolonias.com.ar\/wp-content\/uploads\/2016\/09\/congreso-CREA.png\" alt=\"congreso CREA\" width=\"300\" height=\"147\" \/><\/a>Del 21 al 23 de septiembre se llevar\u00e1 a cabo por primera vez en la Ciudad de Buenos Aires y se esperan m\u00e1s de 7000 personas<\/em><\/strong><!--more--><\/p>\n<p>Bajo el lema \u201cLa re-evoluci\u00f3n de la empresa\u201d, la Asociaci\u00f3n Argentina de Grupos CREA realizar\u00e1 el Congreso Nacional 2016, en el predio ferial de Palermo (La Rural). Se esperan m\u00e1s de 7000 asistentes entre empresarios, pol\u00edticos, comunicadores, docentes y p\u00fablico en general quienes podr\u00e1n plasmar estrategias anticipatorias para ser innovadores sostenibles en los aspectos sociales, ambientales y econ\u00f3micos.<\/p>\n<p>Reconocidos expositores internacionales y nacionales como Sebasti\u00e1n Pi\u00f1era, ex presidente de Chile; Paolo Rocca, presidente del Grupo Techint; Isela Costantini, presidente de Aerol\u00edneas Argentinas; Mons. S\u00e1nchez Sorondo, canciller de la Pontificia Academia de Ciencias Sociales del Vaticano; Andr\u00e9s Oppenheimer, periodista de la CNN y de Miami Herald, el economista Mart\u00edn Tetaz, entre muchos otros disertar\u00e1n sobre interesantes tem\u00e1ticas.<\/p>\n<p>Programa<\/p>\n<p>El Congreso CREA est\u00e1 organizado a partir de cuatro ejes tem\u00e1ticos: Las empresas y el desarrollo; la importancia de las pol\u00edticas p\u00fablicas en relaci\u00f3n al rol del Estado para mediar en cuestiones que ata\u00f1en al cuidado de los bienes p\u00fablicos, como el agua, el aire y el suelo; el desarrollo sostenible considerando los aspectos econ\u00f3micos, ambientales y sociales y, por \u00faltimo, las empresas del futuro.<\/p>\n<p>Cabe destacar que el martes 20 de septiembre, tendr\u00e1 lugar el Encuentro Joven, de 14 a 19 horas donde 1200 personas, de entre 18 y 28 a\u00f1os, compartir\u00e1n su experiencia emprendedora.<\/p>\n<p>Asimismo, dentro del marco del Congreso, se llevar\u00e1 a cabo un espacio, denominado CREALab, para experimentar la innovaci\u00f3n, donde se mostrar\u00e1n 16 proyectos sostenibles de co-creaci\u00f3n entre el sector agroindustrial y otros sectores como la biotecnolog\u00eda, la rob\u00f3tica, la inform\u00e1tica, el dise\u00f1o y la moda, el arte y la comida. Este espacio se inaugurar\u00e1 el jueves 22 a las 18.30 horas, dando tambi\u00e9n apertura a La Noche del Campo Innovador que abrir\u00e1 sus puertas hasta las 21.30 horas. En esta instancia se recibir\u00e1 un p\u00fablico m\u00e1s amplio reflejando la fusi\u00f3n entre el campo y la ciudad, contar\u00e1 con la presencia de bailarines urbanos, cocineros aut\u00f3ctonos y un desfile del reconocido dise\u00f1ador Marcelo Senra que presentar\u00e1 texturas naturales.<\/p>\n<p>Alimentaci\u00f3n saludable<br \/>\nEl Congreso se suma a la iniciativa de Soja Plus, en alianza con Acsoja y Los Petersen Cocineros. En este sentido promocionar\u00e1 en uno de sus cocktails este programa alimentario a base de extrusado de soja que tiene por finalidad contribuir a mejorar la nutrici\u00f3n de personas en situaci\u00f3n de vulnerabilidad promoviendo una alimentaci\u00f3n saludable.<\/p>\n<p>La Comisi\u00f3n Organizadora del Congreso est\u00e1 presidida por Fernando Zubillaga, secundado por Diego Pons como Coordinador Tem\u00e1tico, representantes regionales, directivos y staff.<\/p>\n<p>Acerca de los Congresos Nacionales CREA<br \/>\nEl Congreso Nacional CREA 2016 forma parte de una sucesi\u00f3n de eventos que el Movimiento organiza cada tres a\u00f1os. All\u00ed se abordan temas empresariales, sociales, pol\u00edticos e institucionales con el fin de dar respuesta a temas relevantes de la sociedad argentina. Este evento de 2016 tiene como antecedente el Congreso Nacional CREA 2013, bajo el lema \u201cTu ADN entra en acci\u00f3n\u201d.<\/p>\n","protected":false},"excerpt":{"rendered":"<p>Del 21 al 23 de septiembre se llevar\u00e1 a cabo por primera vez en la Ciudad de Buenos Aires y se esperan m\u00e1s de 7000 personas<\/p>\n","protected":false},"author":5,"featured_media":0,"comment_status":"open","ping_status":"open","sticky":false,"template":"","format":"standard","meta":[],"categories":[14],"tags":[3192,773,143],"_links":{"self":[{"href":"http:\/\/rurallascolonias.com.ar\/index.php?rest_route=\/wp\/v2\/posts\/11956"}],"collection":[{"href":"http:\/\/rurallascolonias.com.ar\/index.php?rest_route=\/wp\/v2\/posts"}],"about":[{"href":"http:\/\/rurallascolonias.com.ar\/index.php?rest_route=\/wp\/v2\/types\/post"}],"author":[{"embeddable":true,"href":"http:\/\/rurallascolonias.com.ar\/index.php?rest_route=\/wp\/v2\/users\/5"}],"replies":[{"embeddable":true,"href":"http:\/\/rurallascolonias.com.ar\/index.php?rest_route=%2Fwp%2Fv2%2Fcomments&post=11956"}],"version-history":[{"count":1,"href":"http:\/\/rurallascolonias.com.ar\/index.php?rest_route=\/wp\/v2\/posts\/11956\/revisions"}],"predecessor-version":[{"id":11958,"href":"http:\/\/rurallascolonias.com.ar\/index.php?rest_route=\/wp\/v2\/posts\/11956\/revisions\/11958"}],"wp:attachment":[{"href":"http:\/\/rurallascolonias.com.ar\/index.php?rest_route=%2Fwp%2Fv2%2Fmedia&parent=11956"}],"wp:term":[{"taxonomy":"category","embeddable":true,"href":"http:\/\/rurallascolonias.com.ar\/index.php?rest_route=%2Fwp%2Fv2%2Fcategories&post=11956"},{"taxonomy":"post_tag","embeddable":true,"href":"http:\/\/rurallascolonias.com.ar\/index.php?rest_route=%2Fwp%2Fv2%2Ftags&post=11956"}],"curies":[{"name":"wp","href":"https:\/\/api.w.org\/{rel}","templated":true}]}}