{"id":1189,"date":"2014-02-03T13:47:53","date_gmt":"2014-02-03T13:47:53","guid":{"rendered":"http:\/\/rurallascolonias.com.ar\/?p=1189"},"modified":"2014-02-03T13:47:53","modified_gmt":"2014-02-03T13:47:53","slug":"los-productores-de-leche-estan-al-filo-del-quebranto","status":"publish","type":"post","link":"http:\/\/rurallascolonias.com.ar\/?p=1189","title":{"rendered":"\u201cLos productores de leche est\u00e1n al filo del quebranto\u201d"},"content":{"rendered":"<p><a href=\"http:\/\/rurallascolonias.com.ar\/wp-content\/uploads\/2014\/02\/productores-de-leche.jpg\"><img loading=\"lazy\" class=\"aligncenter size-full wp-image-1190\" alt=\"productores de leche\" src=\"http:\/\/rurallascolonias.com.ar\/wp-content\/uploads\/2014\/02\/productores-de-leche.jpg\" width=\"260\" height=\"194\" \/><\/a>El coordinador de la Mesa Nacional de Productores de Leche, Julio Aimar, asegur\u00f3 que los productores est\u00e1n al \u00abfilo de la desesperaci\u00f3n por el quebranto que est\u00e1 teniendo el sector de la producci\u00f3n lechera\u00bb<!--more--><\/p>\n<p>Tras la reuni\u00f3n del mi\u00e9rcoles pasado con las autoridades del Ministerio de Agricultura manifest\u00f3 que esperaba que se resolviera la \u00absituaci\u00f3n ca\u00f3tica\u00bb porque los \u00abtamberos lo necesitan\u00bb.<\/p>\n<p>\u00abLa reuni\u00f3n en el ministerio fue consecuencia de un pedido nuestro al ministro de Agricultura, Carlos Casamiquela. La solicitamos por la situaci\u00f3n de quebranto que est\u00e1 teniendo el sector de la producci\u00f3n y por la falta de una soluci\u00f3n\u00bb, asegur\u00f3 Julio Aimar al portal especializado Infortambo.com, tras el encuentro con el subsecretario de Lecher\u00eda, Arturo Videla.<\/p>\n<p>Esta tarde, a las 14, habr\u00e1 un encuentro en el microcine del Ministerio de Agricultura, en donde se reunir\u00e1n los productores lecheros, la industria, el ministerio y representantes de Econom\u00eda, Industria y de la Secretar\u00eda de Comercio. \u00abVamos a tratar este tema a pleno, porque est\u00e1 resultando ca\u00f3tico, porque el precio que reciben los productores de leche no cubre los costos de producci\u00f3n\u00bb, asegur\u00f3. \u00abVamos a pedir una medida con todo. Ellos dicen que son muy din\u00e1micos y que van a resolver todo. Esperemos que as\u00ed sea; la producci\u00f3n tambera lo necesita ya. Estamos al filo de la desesperaci\u00f3n.\u00bb<\/p>\n<p>Seg\u00fan asegur\u00f3, la situaci\u00f3n se agrava enormemente por la devaluaci\u00f3n, porque todos los insumos de la producci\u00f3n de leche est\u00e1n vinculados al d\u00f3lar: la parte de agroqu\u00edmicos, fertilizantes, herbicidas y todo lo que signifique el tratamiento de las pasturas. \u00abPor esto todos los costos para producir subieron con el valor libre del mercado. Adem\u00e1s, nuestros precios est\u00e1n afectados indirectamente por el condicionamiento de los precios cuidados; todos, desde el comercio hasta la industria procesadora, regulan hacia abajo y el que carga con todas las desgracias es el productor tambero\u00bb, se lament\u00f3 Aimar.<\/p>\n<p>Seg\u00fan inform\u00f3 el productor, la Mesa ten\u00eda pendiente la reuni\u00f3n, solicitada a los ministros anteriores, por una presentaci\u00f3n llamada \u00abDesarrollo del sector lechero\u00bb, una propuesta de trabajo realizada en conjunto por todas las entidades. \u00abInsistimos en implementar r\u00e1pidamente las acciones que hacen a la coyuntura y queremos trabajar paralelamente con toda medida que requiera la modificaci\u00f3n o la mejora de los problemas estructurales que aquejan a la lecher\u00eda\u00bb, asegur\u00f3.<\/p>\n<p>Desde hace diez a\u00f1os, la producci\u00f3n es la misma, asegur\u00f3 Aimar: \u00abS\u00f3lo hubo una mejora en 2011, cuando logramos superar en condici\u00f3n anual lo que hab\u00edamos logrado en la campa\u00f1a de 1999. Despu\u00e9s nos volvimos a estancar\u00bb. En su momento, se produc\u00edan 10.500 millones de litros y, en la actualidad, estamos en los 11.200 millones, \u00ablo que no significa nada en catorce a\u00f1os de crecimiento en una industria como la nuestra, que es muy provechosa para cualquier Gobierno por las divisas que pueden entrar al pa\u00eds\u00bb.<\/p>\n<div>\n<div>\u00c1mbito Financiero<\/div>\n<\/div>\n<div><\/div>\n","protected":false},"excerpt":{"rendered":"<p>El coordinador de la Mesa Nacional de Productores de Leche, Julio Aimar, asegur\u00f3 que los productores est\u00e1n al \u00abfilo de la desesperaci\u00f3n por el quebranto que est\u00e1 teniendo el sector de la producci\u00f3n lechera\u00bb<\/p>\n","protected":false},"author":5,"featured_media":0,"comment_status":"closed","ping_status":"closed","sticky":false,"template":"","format":"standard","meta":[],"categories":[33],"tags":[488,463,462],"_links":{"self":[{"href":"http:\/\/rurallascolonias.com.ar\/index.php?rest_route=\/wp\/v2\/posts\/1189"}],"collection":[{"href":"http:\/\/rurallascolonias.com.ar\/index.php?rest_route=\/wp\/v2\/posts"}],"about":[{"href":"http:\/\/rurallascolonias.com.ar\/index.php?rest_route=\/wp\/v2\/types\/post"}],"author":[{"embeddable":true,"href":"http:\/\/rurallascolonias.com.ar\/index.php?rest_route=\/wp\/v2\/users\/5"}],"replies":[{"embeddable":true,"href":"http:\/\/rurallascolonias.com.ar\/index.php?rest_route=%2Fwp%2Fv2%2Fcomments&post=1189"}],"version-history":[{"count":1,"href":"http:\/\/rurallascolonias.com.ar\/index.php?rest_route=\/wp\/v2\/posts\/1189\/revisions"}],"predecessor-version":[{"id":1191,"href":"http:\/\/rurallascolonias.com.ar\/index.php?rest_route=\/wp\/v2\/posts\/1189\/revisions\/1191"}],"wp:attachment":[{"href":"http:\/\/rurallascolonias.com.ar\/index.php?rest_route=%2Fwp%2Fv2%2Fmedia&parent=1189"}],"wp:term":[{"taxonomy":"category","embeddable":true,"href":"http:\/\/rurallascolonias.com.ar\/index.php?rest_route=%2Fwp%2Fv2%2Fcategories&post=1189"},{"taxonomy":"post_tag","embeddable":true,"href":"http:\/\/rurallascolonias.com.ar\/index.php?rest_route=%2Fwp%2Fv2%2Ftags&post=1189"}],"curies":[{"name":"wp","href":"https:\/\/api.w.org\/{rel}","templated":true}]}}