{"id":11850,"date":"2016-09-06T16:38:54","date_gmt":"2016-09-06T16:38:54","guid":{"rendered":"http:\/\/rurallascolonias.com.ar\/?p=11850"},"modified":"2016-09-06T16:38:54","modified_gmt":"2016-09-06T16:38:54","slug":"chemes-necesitamos-equilibrio-en-la-cadena-para-que-arranque-el-gran-motor-del-pais","status":"publish","type":"post","link":"http:\/\/rurallascolonias.com.ar\/?p=11850","title":{"rendered":"Chemes: \u201cNecesitamos equilibrio en la cadena para que arranque el gran motor del pa\u00eds\u201d"},"content":{"rendered":"<p><strong><em><a href=\"http:\/\/rurallascolonias.com.ar\/?attachment_id=11302\" rel=\"attachment wp-att-11302\"><img loading=\"lazy\" class=\"alignleft size-full wp-image-11302\" src=\"http:\/\/rurallascolonias.com.ar\/wp-content\/uploads\/2016\/07\/CHEMES-2.jpg\" alt=\"CHEMES 2\" width=\"337\" height=\"149\" srcset=\"http:\/\/rurallascolonias.com.ar\/wp-content\/uploads\/2016\/07\/CHEMES-2.jpg 337w, http:\/\/rurallascolonias.com.ar\/wp-content\/uploads\/2016\/07\/CHEMES-2-300x133.jpg 300w\" sizes=\"(max-width: 337px) 100vw, 337px\" \/><\/a>El vicepresidente de CRA asegur\u00f3 que sectores como la lecher\u00eda y los citr\u00edcolas necesitan \u00abmedidas urgentes\u00bb<\/em><\/strong><!--more--><\/p>\n<p>En el marco de la XXXII Feria de Ganader\u00eda, Granja, Industria y Comercio de la Sociedad Rural de Chajar\u00ed, en Entre R\u00edos, el vicepresidente de Confederaciones Rurales Argentinas (CRA), Jorge Chemes, asegur\u00f3 que \u201cel equilibrio y la transparencia en la cadena, son fundamentales para que el gran motor del pa\u00eds arranque, sin esas medidas, muchas piezas de ese motor van a quedar en el camino\u201d.<\/p>\n<p>En ese sentido, Chemes agradeci\u00f3 el \u00abimpulso\u00bb que le dio el Gobierno al campo y advirti\u00f3 que a\u00fan \u201chay varios problemas que solucionar, ya que la distorsi\u00f3n de la cadena permite que pocos ganen mucho y que muchos se fundan d\u00eda a d\u00eda\u201d.<\/p>\n<p>\u201cCompartimos las medidas que el gobierno ha fijado para el mediano y largo plazo. Ahora necesitamos las urgentes, porque sin ellas, no vamos a alcanzar a disfrutar de las que se han trazado para el futuro\u201d, dijo Chemes desde la pista Chacho Gil al dejar inaugurada la muestra. All\u00ed, asegur\u00f3 que la diferencia de precios del campo a la g\u00f3ndola \u201cse quedan en bolsillos que no son los nuestros. Necesitamos reglas claras\u201d, pidi\u00f3.<\/p>\n<p>En su discurso, el ex diputado nacional record\u00f3 las palabras del presidente Macri, quien destac\u00f3 el rol del campo para el crecimiento del pa\u00eds, y pidi\u00f3 herramientas para sectores \u201cgolpeados por pol\u00edticas agropecuarias equivocadas durante a\u00f1os\u201d, que han afectado a actividades como la lecher\u00eda, porcinos o la citricultura, que necesitan una alternativa r\u00e1pida de salida.<\/p>\n<p>\u201cLas econom\u00edas regionales son un sistema de vida que se debe cuidar. Para llegar a ser el supermercado del mundo, necesitamos materia prima\u201d, sintetiz\u00f3 Chemes, al tiempo que alert\u00f3 que \u201cla concentraci\u00f3n que se est\u00e1 produciendo, nos llena de preocupaci\u00f3n\u201d.<\/p>\n<p>Finalmente, asegur\u00f3 que \u00abvamos todos en un mismo barco. Argentina y la provincia tienen un destino exitoso y el recurso humano para alcanzarlo. Los productores, tenemos la fuerza de trabajo. Estamos esperando los remos, para que ese destino sea un puerto para todos y no un amarre seguro s\u00f3lo para algunos\u201d.<\/p>\n<p>Fuente: Infocampo<\/p>\n","protected":false},"excerpt":{"rendered":"<p>El vicepresidente de CRA asegur\u00f3 que sectores como la lecher\u00eda y los citr\u00edcolas necesitan \u00abmedidas urgentes\u00bb<\/p>\n","protected":false},"author":5,"featured_media":0,"comment_status":"open","ping_status":"open","sticky":false,"template":"","format":"standard","meta":[],"categories":[14],"tags":[11,2955],"_links":{"self":[{"href":"http:\/\/rurallascolonias.com.ar\/index.php?rest_route=\/wp\/v2\/posts\/11850"}],"collection":[{"href":"http:\/\/rurallascolonias.com.ar\/index.php?rest_route=\/wp\/v2\/posts"}],"about":[{"href":"http:\/\/rurallascolonias.com.ar\/index.php?rest_route=\/wp\/v2\/types\/post"}],"author":[{"embeddable":true,"href":"http:\/\/rurallascolonias.com.ar\/index.php?rest_route=\/wp\/v2\/users\/5"}],"replies":[{"embeddable":true,"href":"http:\/\/rurallascolonias.com.ar\/index.php?rest_route=%2Fwp%2Fv2%2Fcomments&post=11850"}],"version-history":[{"count":1,"href":"http:\/\/rurallascolonias.com.ar\/index.php?rest_route=\/wp\/v2\/posts\/11850\/revisions"}],"predecessor-version":[{"id":11851,"href":"http:\/\/rurallascolonias.com.ar\/index.php?rest_route=\/wp\/v2\/posts\/11850\/revisions\/11851"}],"wp:attachment":[{"href":"http:\/\/rurallascolonias.com.ar\/index.php?rest_route=%2Fwp%2Fv2%2Fmedia&parent=11850"}],"wp:term":[{"taxonomy":"category","embeddable":true,"href":"http:\/\/rurallascolonias.com.ar\/index.php?rest_route=%2Fwp%2Fv2%2Fcategories&post=11850"},{"taxonomy":"post_tag","embeddable":true,"href":"http:\/\/rurallascolonias.com.ar\/index.php?rest_route=%2Fwp%2Fv2%2Ftags&post=11850"}],"curies":[{"name":"wp","href":"https:\/\/api.w.org\/{rel}","templated":true}]}}