{"id":1181,"date":"2014-02-01T16:35:28","date_gmt":"2014-02-01T16:35:28","guid":{"rendered":"http:\/\/rurallascolonias.com.ar\/?p=1181"},"modified":"2014-02-01T16:35:28","modified_gmt":"2014-02-01T16:35:28","slug":"etchevehere-quien-puede-confiar-en-un-peso-que-se-hace-agua-en-las-manos","status":"publish","type":"post","link":"http:\/\/rurallascolonias.com.ar\/?p=1181","title":{"rendered":"ETCHEVEHERE: \u00ab\u00bfQui\u00e9n puede confiar en un peso que se hace agua en las manos?\u00bb"},"content":{"rendered":"<p><a href=\"http:\/\/rurallascolonias.com.ar\/wp-content\/uploads\/2014\/01\/ETCHEVEHERE-2.jpg\"><img loading=\"lazy\" class=\"alignleft size-full wp-image-926\" alt=\"ETCHEVEHERE 2\" src=\"http:\/\/rurallascolonias.com.ar\/wp-content\/uploads\/2014\/01\/ETCHEVEHERE-2.jpg\" width=\"337\" height=\"149\" srcset=\"http:\/\/rurallascolonias.com.ar\/wp-content\/uploads\/2014\/01\/ETCHEVEHERE-2.jpg 337w, http:\/\/rurallascolonias.com.ar\/wp-content\/uploads\/2014\/01\/ETCHEVEHERE-2-300x132.jpg 300w\" sizes=\"(max-width: 337px) 100vw, 337px\" \/><\/a>El titular de la Sociedad Rural le contest\u00f3 al jefe de Gabinete. Reiter\u00f3 hoy que el campo \u00abno pidi\u00f3 la devaluaci\u00f3n de la moneda\u00bb. \u00abNadie oblig\u00f3 al Gobierno a subir el d\u00f3lar de 6 a 8 pesos, quieren echarle la culpa a otros\u00bb, fustig\u00f3.<!--more--><\/p>\n<p>El presidente de la Sociedad Rural Argentina (SRA), Luis Miguel Etchevehere, se mostr\u00f3 hoy molesto por las acusaciones del jefe de Gabinete, Jorge Capitanich, contra los productores agropecuarios y las cerealeras, al afirmar que el Gobierno se \u00absigue equivocando en ubicar como enemigo al campo\u00bb.<\/p>\n<p>\u00abSe deber\u00edan preocupar primero puertas adentro los problemas que tienen. El principal problema que tiene el Gobierno son ellos mismos\u00bb, dispar\u00f3 hoy Etchevehere.<\/p>\n<p>En su habitual conferencia de prensa, el jefe de Ministros acus\u00f3 ayer a los grandes productores agr\u00edcolas de no liquidar la cosecha y evitar el ingreso de divisas en el mercado local. Calific\u00f3 al agro de \u00abamarrocar\u00bb la producci\u00f3n y los cuestion\u00f3 por su \u00abavaricia\u00bb \u00a0y su \u00abcar\u00e1cter especulativo\u00bb.<\/p>\n<p>Seg\u00fan public\u00f3 Infobae, Etchevehere cuestion\u00f3 las pol\u00edticas cambiarias y la devaluaci\u00f3n adoptada por el Ejecutivo. \u00a0\u00ab\u00bfQui\u00e9n puede confiar en un peso que se hace agua en las manos?\u00bb, se pregunt\u00f3.<\/p>\n<p>Adem\u00e1s, volvi\u00f3 a defender a su sector al reiterar que \u00abnadie oblig\u00f3 al Gobierno a subir el d\u00f3lar de 6 a 8 pesos\u00bb, pese a la depreciaci\u00f3n de la moneda beneficie la comercializaci\u00f3n de los granos.<\/p>\n<p>\u00abNunca pedimos una devaluaci\u00f3n. El campo est\u00e1 perdiendo competitividad y para cubrir eso pedimos que se reduzcan las retenciones\u00bb, insisti\u00f3 el titular de la SRA.<\/p>\n<p>Fuente: Infocampo<\/p>\n","protected":false},"excerpt":{"rendered":"<p>El titular de la Sociedad Rural le contest\u00f3 al jefe de Gabinete. Reiter\u00f3 hoy que el campo \u00abno pidi\u00f3 la devaluaci\u00f3n de la moneda\u00bb. \u00abNadie oblig\u00f3 al Gobierno a subir el d\u00f3lar de 6 a 8 pesos, quieren echarle la culpa a otros\u00bb, fustig\u00f3.<\/p>\n","protected":false},"author":5,"featured_media":0,"comment_status":"closed","ping_status":"closed","sticky":false,"template":"","format":"standard","meta":[],"categories":[33],"tags":[73],"_links":{"self":[{"href":"http:\/\/rurallascolonias.com.ar\/index.php?rest_route=\/wp\/v2\/posts\/1181"}],"collection":[{"href":"http:\/\/rurallascolonias.com.ar\/index.php?rest_route=\/wp\/v2\/posts"}],"about":[{"href":"http:\/\/rurallascolonias.com.ar\/index.php?rest_route=\/wp\/v2\/types\/post"}],"author":[{"embeddable":true,"href":"http:\/\/rurallascolonias.com.ar\/index.php?rest_route=\/wp\/v2\/users\/5"}],"replies":[{"embeddable":true,"href":"http:\/\/rurallascolonias.com.ar\/index.php?rest_route=%2Fwp%2Fv2%2Fcomments&post=1181"}],"version-history":[{"count":1,"href":"http:\/\/rurallascolonias.com.ar\/index.php?rest_route=\/wp\/v2\/posts\/1181\/revisions"}],"predecessor-version":[{"id":1182,"href":"http:\/\/rurallascolonias.com.ar\/index.php?rest_route=\/wp\/v2\/posts\/1181\/revisions\/1182"}],"wp:attachment":[{"href":"http:\/\/rurallascolonias.com.ar\/index.php?rest_route=%2Fwp%2Fv2%2Fmedia&parent=1181"}],"wp:term":[{"taxonomy":"category","embeddable":true,"href":"http:\/\/rurallascolonias.com.ar\/index.php?rest_route=%2Fwp%2Fv2%2Fcategories&post=1181"},{"taxonomy":"post_tag","embeddable":true,"href":"http:\/\/rurallascolonias.com.ar\/index.php?rest_route=%2Fwp%2Fv2%2Ftags&post=1181"}],"curies":[{"name":"wp","href":"https:\/\/api.w.org\/{rel}","templated":true}]}}