{"id":1178,"date":"2014-02-01T16:25:47","date_gmt":"2014-02-01T16:25:47","guid":{"rendered":"http:\/\/rurallascolonias.com.ar\/?p=1178"},"modified":"2014-02-01T16:25:47","modified_gmt":"2014-02-01T16:25:47","slug":"alerta-por-tormentas-fuertes-en-el-centro-del-pais","status":"publish","type":"post","link":"http:\/\/rurallascolonias.com.ar\/?p=1178","title":{"rendered":"ALERTA POR TORMENTAS FUERTES EN EL CENTRO DEL PA\u00cdS"},"content":{"rendered":"<p><a href=\"http:\/\/rurallascolonias.com.ar\/wp-content\/uploads\/2014\/02\/tormenta.jpg\"><img loading=\"lazy\" class=\"aligncenter size-full wp-image-1179\" alt=\"tormenta\" src=\"http:\/\/rurallascolonias.com.ar\/wp-content\/uploads\/2014\/02\/tormenta.jpg\" width=\"300\" height=\"168\" \/><\/a>El Servicio Meteorol\u00f3gico Nacional se\u00f1al\u00f3 que abarca la ciudad y el Gran Buenos aires, este de C\u00f3rdoba, sur y centro de Santa Fe, el sur y centro de Entre R\u00edos, la ciudad de La Plata y la zona ribere\u00f1a.<!--more--><\/p>\n<p>El Servicio Meteorol\u00f3gico Nacional emiti\u00f3 hoy un alerta por \u00abprobables tormentas fuertes\u00bb hacia la ciudad y el Gran Buenos aires, este de C\u00f3rdoba, sur y centro de Santa Fe, el sur y centro de Entre R\u00edos, la ciudad de La Plata y la zona ribere\u00f1a.<\/p>\n<p>El Servicio Meteorol\u00f3gico explic\u00f3 que el fen\u00f3meno de tormentas puede generarse porque existe en la zona un aire muy h\u00famedo e inestable.<\/p>\n<p>Si bien indic\u00f3 que hubo algunas tormentas en la regi\u00f3n, alert\u00f3 que algunas pueden alcanzar una intensidad fuerte, con abundante ca\u00edda de agua en cortos per\u00edodos de tiempo.<\/p>\n<p>Adem\u00e1s, advirti\u00f3 que puede llegar a contar con actividad el\u00e9ctrica, ca\u00edda de granizo y r\u00e1fagas de viento.<\/p>\n<p>Esos fen\u00f3menos, estim\u00f3 el Servicio, pueden extenderse hasta la ma\u00f1ana del martes.<\/p>\n","protected":false},"excerpt":{"rendered":"<p>El Servicio Meteorol\u00f3gico Nacional se\u00f1al\u00f3 que abarca la ciudad y el Gran Buenos aires, este de C\u00f3rdoba, sur y centro de Santa Fe, el sur y centro de Entre R\u00edos, la ciudad de La Plata y la zona ribere\u00f1a.<\/p>\n","protected":false},"author":5,"featured_media":0,"comment_status":"closed","ping_status":"closed","sticky":false,"template":"","format":"standard","meta":[],"categories":[40],"tags":[138,348],"_links":{"self":[{"href":"http:\/\/rurallascolonias.com.ar\/index.php?rest_route=\/wp\/v2\/posts\/1178"}],"collection":[{"href":"http:\/\/rurallascolonias.com.ar\/index.php?rest_route=\/wp\/v2\/posts"}],"about":[{"href":"http:\/\/rurallascolonias.com.ar\/index.php?rest_route=\/wp\/v2\/types\/post"}],"author":[{"embeddable":true,"href":"http:\/\/rurallascolonias.com.ar\/index.php?rest_route=\/wp\/v2\/users\/5"}],"replies":[{"embeddable":true,"href":"http:\/\/rurallascolonias.com.ar\/index.php?rest_route=%2Fwp%2Fv2%2Fcomments&post=1178"}],"version-history":[{"count":1,"href":"http:\/\/rurallascolonias.com.ar\/index.php?rest_route=\/wp\/v2\/posts\/1178\/revisions"}],"predecessor-version":[{"id":1180,"href":"http:\/\/rurallascolonias.com.ar\/index.php?rest_route=\/wp\/v2\/posts\/1178\/revisions\/1180"}],"wp:attachment":[{"href":"http:\/\/rurallascolonias.com.ar\/index.php?rest_route=%2Fwp%2Fv2%2Fmedia&parent=1178"}],"wp:term":[{"taxonomy":"category","embeddable":true,"href":"http:\/\/rurallascolonias.com.ar\/index.php?rest_route=%2Fwp%2Fv2%2Fcategories&post=1178"},{"taxonomy":"post_tag","embeddable":true,"href":"http:\/\/rurallascolonias.com.ar\/index.php?rest_route=%2Fwp%2Fv2%2Ftags&post=1178"}],"curies":[{"name":"wp","href":"https:\/\/api.w.org\/{rel}","templated":true}]}}