{"id":11697,"date":"2016-08-22T11:44:45","date_gmt":"2016-08-22T11:44:45","guid":{"rendered":"http:\/\/rurallascolonias.com.ar\/?p=11697"},"modified":"2016-08-22T11:44:45","modified_gmt":"2016-08-22T11:44:45","slug":"este-jueves-25-comienza-la-tradicional-vidriera-genetica-lechera","status":"publish","type":"post","link":"http:\/\/rurallascolonias.com.ar\/?p=11697","title":{"rendered":"ESTE JUEVES 25 COMIENZA LA TRADICIONAL VIDRIERA GEN\u00c9TICA LECHERA"},"content":{"rendered":"<p><strong><em><a href=\"http:\/\/rurallascolonias.com.ar\/?attachment_id=11352\" rel=\"attachment wp-att-11352\"><img loading=\"lazy\" class=\"aligncenter wp-image-11352 size-large\" src=\"http:\/\/rurallascolonias.com.ar\/wp-content\/uploads\/2016\/07\/VG16-2-724x1024.jpg\" alt=\"VG16 2\" width=\"625\" height=\"884\" srcset=\"http:\/\/rurallascolonias.com.ar\/wp-content\/uploads\/2016\/07\/VG16-2-724x1024.jpg 724w, http:\/\/rurallascolonias.com.ar\/wp-content\/uploads\/2016\/07\/VG16-2-212x300.jpg 212w, http:\/\/rurallascolonias.com.ar\/wp-content\/uploads\/2016\/07\/VG16-2-768x1087.jpg 768w, http:\/\/rurallascolonias.com.ar\/wp-content\/uploads\/2016\/07\/VG16-2-600x849.jpg 600w, http:\/\/rurallascolonias.com.ar\/wp-content\/uploads\/2016\/07\/VG16-2-624x883.jpg 624w, http:\/\/rurallascolonias.com.ar\/wp-content\/uploads\/2016\/07\/VG16-2.jpg 793w\" sizes=\"(max-width: 625px) 100vw, 625px\" \/><\/a>Esta semana, \u00a0los hombres de campo y tamberos de la regi\u00f3n tendr\u00e1n, aunque sea por unos d\u00edas, motivos para celebrar<\/em><\/strong><br \/>\n<!--more--><\/p>\n<p class=\"x-texto\">A pesar de la dif\u00edcil situaci\u00f3n econ\u00f3mica por la que atraviesa el sector productivo, se realizar\u00e1 la 10\u00aa edici\u00f3n de la tradicional Vidriera Gen\u00e9tica Lechera en el predio de la Sociedad Rural de las Colonias, donde adem\u00e1s se llevar\u00e1 a cabo el tradicional remate de vaquillonas y una Jornada T\u00e9cnica en Lecher\u00eda.<\/p>\n<p class=\"x-texto\">El evento dar\u00e1 inicio con una Jornada T\u00e9cnica en Lecher\u00eda abierta a productores, profesionales, estudiantes y p\u00fablico en general, el d\u00eda jueves 25. La disertaci\u00f3n titulada \u201cHacia una Lecher\u00eda sustentable\u201d, contar\u00e1 con presencia de los ingenieros agr\u00f3nomos Gustavo Vionnet, Federico Vionnet, Eduardo Garc\u00eda Maritano, el m\u00e9dico veterinario Fernando Gorgo y equipo del Ministerio de Agroindustria.<\/p>\n<p class=\"x-texto\">La jornada est\u00e1 organizada por el Ateneo Las Colonias y los centros de estudiantes de la Facultad de Ciencias Agrarias y Ciencias Veterinarias de la ciudad de Esperanza.<\/p>\n<p class=\"x-texto\">En tanto el viernes 26, \u00faltimo d\u00eda del evento, se desarrollar\u00e1 el almuerzo en conmemoraci\u00f3n al 50\u00ba aniversario del Control Lechero. Tambi\u00e9n se llevar\u00e1 a cabo el tradicional concurso de vaquillonas, remate y entrega de premios por producci\u00f3n a animales sometidos al control lechero.<\/p>\n<p class=\"x-texto\">Sociedad Rural de Las Colonias<\/p>\n","protected":false},"excerpt":{"rendered":"<p>Esta semana, \u00a0los hombres de campo y tamberos de la regi\u00f3n tendr\u00e1n, aunque sea por unos d\u00edas, motivos para celebrar<\/p>\n","protected":false},"author":5,"featured_media":0,"comment_status":"open","ping_status":"open","sticky":false,"template":"","format":"standard","meta":[],"categories":[29],"tags":[857],"_links":{"self":[{"href":"http:\/\/rurallascolonias.com.ar\/index.php?rest_route=\/wp\/v2\/posts\/11697"}],"collection":[{"href":"http:\/\/rurallascolonias.com.ar\/index.php?rest_route=\/wp\/v2\/posts"}],"about":[{"href":"http:\/\/rurallascolonias.com.ar\/index.php?rest_route=\/wp\/v2\/types\/post"}],"author":[{"embeddable":true,"href":"http:\/\/rurallascolonias.com.ar\/index.php?rest_route=\/wp\/v2\/users\/5"}],"replies":[{"embeddable":true,"href":"http:\/\/rurallascolonias.com.ar\/index.php?rest_route=%2Fwp%2Fv2%2Fcomments&post=11697"}],"version-history":[{"count":1,"href":"http:\/\/rurallascolonias.com.ar\/index.php?rest_route=\/wp\/v2\/posts\/11697\/revisions"}],"predecessor-version":[{"id":11698,"href":"http:\/\/rurallascolonias.com.ar\/index.php?rest_route=\/wp\/v2\/posts\/11697\/revisions\/11698"}],"wp:attachment":[{"href":"http:\/\/rurallascolonias.com.ar\/index.php?rest_route=%2Fwp%2Fv2%2Fmedia&parent=11697"}],"wp:term":[{"taxonomy":"category","embeddable":true,"href":"http:\/\/rurallascolonias.com.ar\/index.php?rest_route=%2Fwp%2Fv2%2Fcategories&post=11697"},{"taxonomy":"post_tag","embeddable":true,"href":"http:\/\/rurallascolonias.com.ar\/index.php?rest_route=%2Fwp%2Fv2%2Ftags&post=11697"}],"curies":[{"name":"wp","href":"https:\/\/api.w.org\/{rel}","templated":true}]}}