{"id":11673,"date":"2016-08-18T10:57:47","date_gmt":"2016-08-18T10:57:47","guid":{"rendered":"http:\/\/rurallascolonias.com.ar\/?p=11673"},"modified":"2016-08-18T16:00:12","modified_gmt":"2016-08-18T16:00:12","slug":"tamberos-con-expectativas-pesimistas","status":"publish","type":"post","link":"http:\/\/rurallascolonias.com.ar\/?p=11673","title":{"rendered":"Tamberos, con expectativas pesimistas"},"content":{"rendered":"<p><strong><em><a href=\"http:\/\/rurallascolonias.com.ar\/?attachment_id=11674\" rel=\"attachment wp-att-11674\"><img loading=\"lazy\" class=\"aligncenter size-full wp-image-11674\" src=\"http:\/\/rurallascolonias.com.ar\/wp-content\/uploads\/2016\/08\/vacas-2.jpg\" alt=\"vacas 2\" width=\"240\" height=\"156\" \/><\/a>La mitad de los tamberos encuestados por el Movimiento de Consorcios Regionales de Experimentaci\u00f3n Agr\u00edcola (CREA) respondieron que no ven un horizonte positivo para su actividad, sino todo lo contrario, pesimista<\/em><\/strong><!--more--><\/p>\n<p>La encuesta se realiz\u00f3 desde el 5 al 18 de julio y fue contestada por 1181 miembros de todo el pa\u00eds entre los que se encuentran tamberos medianos y grandes.<\/p>\n<p>La crisis de la lecher\u00eda ya es un tema recurrente en la Argentina, de tal manera que en la inauguraci\u00f3n oficial de la 130 Exposici\u00f3n Rural de Palermo, el presidente Mauricio Macri y el responsable de la Sociedad Rural Argentina, Luis Miguel Etchevehere, coincidieron en reconocerla en sus respectivos discursos.<\/p>\n<p>Los t\u00e9cnicos de CREA, luego del relevamiento que se conoci\u00f3 recientemente, destacaron que entre los encuestados hab\u00eda un contexto optimista y as\u00ed el 38 por ciento de los productores que alquilan campos de terceros en 2016-2017 prev\u00e9n incrementar esa \u00e1rea con relaci\u00f3n al ejercicio anterior.<\/p>\n<p>\u201cSe destaca que en el caso espec\u00edfico de los tamberos CREA, la mitad de ellos muestra expectativas pesimistas. En este sentido, se espera un aumento promedio del 8 por ciento en el costo del arrendamiento (medido en quintales de soja por hect\u00e1rea), lo que podr\u00eda tener un impacto no deseado, ante una gesti\u00f3n insuficiente del riesgo precio y clima, en el resultado futuro\u201d, se indic\u00f3 en el informe.<\/p>\n<p>En un an\u00e1lisis espec\u00edfico, los investigadores CREA consideraron que la compleja situaci\u00f3n que vive hoy la lecher\u00eda nacional, debido a factores de coyuntura (relaci\u00f3n costos versus precios), valores internacionales bajos e inclemencias clim\u00e1ticas, tambi\u00e9n se plasm\u00f3 en la encuesta.<\/p>\n<p>El 66 por ciento de los tamberos sondeados sufrieron situaciones de exceso h\u00eddrico en los \u00faltimos seis meses que impactaron negativamente en la producci\u00f3n de leche y en la log\u00edstica comercial, y retrasaron la siembra de pasturas y verdeos.<\/p>\n<p>En el \u00faltimo trimestre, el 83% de los tambos registraron una baja en los niveles de producci\u00f3n de leche en relaci\u00f3n a lo estimado.<\/p>\n<p>Esta disminuci\u00f3n impactar\u00e1 en la producci\u00f3n futura de la pr\u00f3xima primavera y en este sentido, el 62 por ciento de las empresas espera menores niveles de producci\u00f3n para esa etapa del a\u00f1o en comparaci\u00f3n con el mismo per\u00edodo de 2015.<\/p>\n<p>A esta situaci\u00f3n se suma que el 65 por ciento de los casos evidencia una situaci\u00f3n de endeudamiento de corto plazo superior al promedio de los \u00faltimos dos a\u00f1os.<\/p>\n<p>Lo cierto es que la actividad lechera contin\u00faa en una situaci\u00f3n delicada debido a las consecuencias de las \u00faltimas inundaciones que, sumadas a una coyuntura del sector adversa tanto interna como externa (bajos precios internacionales), ponen en jaque la continuidad del negocio.<\/p>\n<p>En otros \u00e1mbitos continuaron las reuniones para debatir la situaci\u00f3n de la lecher\u00eda del pa\u00eds, cuya soluci\u00f3n parece haber ingresado en una situaci\u00f3n de par\u00e1lisis.<\/p>\n<p>La mesa de productores lecheros de la Confederaci\u00f3n Argentina de la Mediana Empresa (CAME) tras un encuentro en San Miguel de Tucum\u00e1n, donde se analiz\u00f3 la situaci\u00f3n de esta actividad econ\u00f3mica propusieron que se declare \u201cla emergencia del sector l\u00e1cteo\u201d.<\/p>\n<p>Un n\u00famero que todav\u00eda no aparece por falta de estad\u00edsticas es el de tambos que ha cerrado en lo que va del a\u00f1o, pero se presume alto sobre todo en los que procesan menos de 2000 litros diarios con menor capacidad de respuesta para salir adelante y mayor nivel de endeudamiento.<\/p>\n<p>Si bien el precio del litro de leche que percibe el tambero en d\u00f3lares es hist\u00f3rico, no cubre los costos de producci\u00f3n por lo que se necesita un monto adicional al valor que se recibe en tranquera, que ronda los 4,50 pesos, en el mejor de los casos.<\/p>\n<p>Existen unas seis empresas grandes con una participaci\u00f3n del 60% del mercado y una gran cantidad de usinas l\u00e1cteas PYMES, por donde se canaliza el 40% de la producci\u00f3n, que est\u00e1n atomizadas y tienen relativa incidencia en las decisiones del negocio.<\/p>\n<p>La soluci\u00f3n junto con los supermercadistas pasar\u00eda por estos importantes actores de la cadena de valor adem\u00e1s de la implementaci\u00f3n creciente de pol\u00edticas p\u00fablicas.<\/p>\n<p>https:\/\/economia.terra.com.ar<\/p>\n","protected":false},"excerpt":{"rendered":"<p>La mitad de los tamberos encuestados por el Movimiento de Consorcios Regionales de Experimentaci\u00f3n Agr\u00edcola (CREA) respondieron que no ven un horizonte positivo para su actividad, sino todo lo contrario, pesimista<\/p>\n","protected":false},"author":5,"featured_media":0,"comment_status":"open","ping_status":"open","sticky":false,"template":"","format":"standard","meta":[],"categories":[42],"tags":[1038,3142,227],"_links":{"self":[{"href":"http:\/\/rurallascolonias.com.ar\/index.php?rest_route=\/wp\/v2\/posts\/11673"}],"collection":[{"href":"http:\/\/rurallascolonias.com.ar\/index.php?rest_route=\/wp\/v2\/posts"}],"about":[{"href":"http:\/\/rurallascolonias.com.ar\/index.php?rest_route=\/wp\/v2\/types\/post"}],"author":[{"embeddable":true,"href":"http:\/\/rurallascolonias.com.ar\/index.php?rest_route=\/wp\/v2\/users\/5"}],"replies":[{"embeddable":true,"href":"http:\/\/rurallascolonias.com.ar\/index.php?rest_route=%2Fwp%2Fv2%2Fcomments&post=11673"}],"version-history":[{"count":1,"href":"http:\/\/rurallascolonias.com.ar\/index.php?rest_route=\/wp\/v2\/posts\/11673\/revisions"}],"predecessor-version":[{"id":11675,"href":"http:\/\/rurallascolonias.com.ar\/index.php?rest_route=\/wp\/v2\/posts\/11673\/revisions\/11675"}],"wp:attachment":[{"href":"http:\/\/rurallascolonias.com.ar\/index.php?rest_route=%2Fwp%2Fv2%2Fmedia&parent=11673"}],"wp:term":[{"taxonomy":"category","embeddable":true,"href":"http:\/\/rurallascolonias.com.ar\/index.php?rest_route=%2Fwp%2Fv2%2Fcategories&post=11673"},{"taxonomy":"post_tag","embeddable":true,"href":"http:\/\/rurallascolonias.com.ar\/index.php?rest_route=%2Fwp%2Fv2%2Ftags&post=11673"}],"curies":[{"name":"wp","href":"https:\/\/api.w.org\/{rel}","templated":true}]}}