{"id":11615,"date":"2016-08-11T15:39:59","date_gmt":"2016-08-11T15:39:59","guid":{"rendered":"http:\/\/rurallascolonias.com.ar\/?p=11615"},"modified":"2016-08-11T15:39:59","modified_gmt":"2016-08-11T15:39:59","slug":"preven-una-fuerte-suba-en-la-siembra-de-trigo-y-maiz-y-mejoras-para-la-ganaderia","status":"publish","type":"post","link":"http:\/\/rurallascolonias.com.ar\/?p=11615","title":{"rendered":"Prev\u00e9n una fuerte suba en la siembra de trigo y ma\u00edz, y mejoras para la ganader\u00eda"},"content":{"rendered":"<p><strong><em><a href=\"http:\/\/rurallascolonias.com.ar\/?attachment_id=11616\" rel=\"attachment wp-att-11616\"><img loading=\"lazy\" class=\"aligncenter size-full wp-image-11616\" src=\"http:\/\/rurallascolonias.com.ar\/wp-content\/uploads\/2016\/08\/ganader\u00eda.jpg\" alt=\"ganader\u00eda\" width=\"299\" height=\"169\" \/><\/a>son las perspectivas para la campa\u00f1a agr\u00edcola 2017 que prev\u00e9 una encuesta. Ambos cereales crecer\u00e1n en superficie, en detrimento de la soja<\/em><\/strong><!--more--><\/p>\n<p>Las perspectivas para la campa\u00f1a agr\u00edcola 2016\/17, que ya arranc\u00f3 con las siembras de invierno y con el trigo como cultivo estrella, son m\u00e1s que alentadoras y parecen confirmar lo que muchos analistas auguraban con los cambios introducidos en la pol\u00edtica agropecuaria nacional: habr\u00e1 m\u00e1s superficie destinada a las gram\u00edneas con lo que la rotaci\u00f3n de cultivos ser\u00e1 \u00abm\u00e1s equilibrada\u00bb que en los a\u00f1os anteriores.<\/p>\n<p>Aunque lejos de \u00abun proceso de desojizaci\u00f3n\u00bb, los sondeos anticipan un interesante aumento en la siembra de trigo y ma\u00edz, tanto tempranos como tard\u00edos, para lo que ser\u00e1 el primer ciclo agr\u00edcola completo del gobierno de Mauricio Macri, seg\u00fan difundi\u00f3 El Cronista .<\/p>\n<p>De acuerdo con el segundo sondeo de a\u00f1o, efectuado por los Consorcios Regionales de Experimentaci\u00f3n Agr\u00edcola (CREA), entre mas de sus 1100 asociados, el 54% de los empresarios indic\u00f3 que el actual es un buen momento para realizar inversiones. El porcentaje es el m\u00e1ximo de la serie desde noviembre de 2012 (a\u00f1o que comenzaron los sondeos CREA) y est\u00e1 13 puntos porcentuales por encima del \u00e1nimo de inversi\u00f3n que expresaron en marzo pasado.<\/p>\n<p>El relevamiento no contempla a las econom\u00edas regionales pero muestra que el optimismo entre los productores y buenas expectativas en la mayor\u00eda de las actividades, a excepci\u00f3n de los tamberos y aquellas firmas de regiones castigadas por las inundaciones de meses anteriores. La mitad de los tamberos consultados por CREA tiene perspectivas negativas.<\/p>\n<p>Sobre la agricultura, la muestra resalta que la intenci\u00f3n de siembra en trigo alcanza una participaci\u00f3n de 15% del \u00e1rea agr\u00edcola total, lo que implica una mejora del 33% respecto a la encuesta realizada por la entidad en julio de 2015. La intenci\u00f3n de siembra de ma\u00edz, por su parte, apunta a cubrir el 32% del \u00e1rea total, lo que implica un salto de 85% respecto de las previsiones a julio del a\u00f1o pasado.<\/p>\n<p>\u00abEl nuevo escenario productivo permite un mejor equilibrio en t\u00e9rminos de balancear la rotaci\u00f3n y sostenibilidad de los planteos\u00bb, indic\u00f3 CREA, al a\u00f1adir que la soja cubrir\u00e1 el 40% del \u00e1rea total agr\u00edcola. Las perspectivas de julio de 2015 para la oleaginosa, previa a las elecciones y cambio de gobierno, llegaba a 57% de la superficie total agr\u00edcola.<\/p>\n<p>La encuesta, adem\u00e1s, indica que el 38% de los consultados y que alquilan campos a terceros para su producci\u00f3n planean este a\u00f1o incrementar las hect\u00e1reas a sembrar contra el ciclo anterior, aun esperando 8% de incremento promedio en los costos del arrendamiento.<\/p>\n<p>Respecto de la ganader\u00eda, el sondeo CREA resalta que el 80% de las empresas del sector bovino de carne prev\u00e9 un alza de 10 puntos porcentuales de sus stocks y el 24% de ellos afirma que reasignar\u00e1 \u00e1rea que estaba destinado a la agricultura, en el ciclo previo, en favor de la ganader\u00eda para este a\u00f1o.<\/p>\n<p>El trabajo, por otra parte, recalca \u00abla compleja situaci\u00f3n que vive la lecher\u00eda nacional\u00bb por la relaci\u00f3n costos\/precio; valor internacional deprimido e inclemencias clim\u00e1ticas. En ese sentido, 66% de los encuestados sufri\u00f3 inundaciones en los \u00faltimos 6 meses, que perjudicaron la producci\u00f3n de leche y log\u00edstica comercial, y retrasos en la siembra de pasturas y verdeos.<\/p>\n<p>En el \u00faltimo trimestre, el 83% de los tambos tuvieron una baja en la producci\u00f3n de leche respecto de sus expectativas, lo que \u00abimpactar\u00e1 en la producci\u00f3n futura de esta primavera\u00bb. As\u00ed, el 62% de las empresas espera menor producci\u00f3n l\u00e1ctea respecto de la primavera de 2015.<\/p>\n","protected":false},"excerpt":{"rendered":"<p>son las perspectivas para la campa\u00f1a agr\u00edcola 2017 que prev\u00e9 una encuesta. Ambos cereales crecer\u00e1n en superficie, en detrimento de la soja<\/p>\n","protected":false},"author":5,"featured_media":0,"comment_status":"open","ping_status":"open","sticky":false,"template":"","format":"standard","meta":[],"categories":[593],"tags":[540,267,1096],"_links":{"self":[{"href":"http:\/\/rurallascolonias.com.ar\/index.php?rest_route=\/wp\/v2\/posts\/11615"}],"collection":[{"href":"http:\/\/rurallascolonias.com.ar\/index.php?rest_route=\/wp\/v2\/posts"}],"about":[{"href":"http:\/\/rurallascolonias.com.ar\/index.php?rest_route=\/wp\/v2\/types\/post"}],"author":[{"embeddable":true,"href":"http:\/\/rurallascolonias.com.ar\/index.php?rest_route=\/wp\/v2\/users\/5"}],"replies":[{"embeddable":true,"href":"http:\/\/rurallascolonias.com.ar\/index.php?rest_route=%2Fwp%2Fv2%2Fcomments&post=11615"}],"version-history":[{"count":1,"href":"http:\/\/rurallascolonias.com.ar\/index.php?rest_route=\/wp\/v2\/posts\/11615\/revisions"}],"predecessor-version":[{"id":11617,"href":"http:\/\/rurallascolonias.com.ar\/index.php?rest_route=\/wp\/v2\/posts\/11615\/revisions\/11617"}],"wp:attachment":[{"href":"http:\/\/rurallascolonias.com.ar\/index.php?rest_route=%2Fwp%2Fv2%2Fmedia&parent=11615"}],"wp:term":[{"taxonomy":"category","embeddable":true,"href":"http:\/\/rurallascolonias.com.ar\/index.php?rest_route=%2Fwp%2Fv2%2Fcategories&post=11615"},{"taxonomy":"post_tag","embeddable":true,"href":"http:\/\/rurallascolonias.com.ar\/index.php?rest_route=%2Fwp%2Fv2%2Ftags&post=11615"}],"curies":[{"name":"wp","href":"https:\/\/api.w.org\/{rel}","templated":true}]}}