{"id":11613,"date":"2016-08-11T15:28:55","date_gmt":"2016-08-11T15:28:55","guid":{"rendered":"http:\/\/rurallascolonias.com.ar\/?p=11613"},"modified":"2016-08-11T15:28:55","modified_gmt":"2016-08-11T15:28:55","slug":"mucho-ruido-en-la-superficie-lechera","status":"publish","type":"post","link":"http:\/\/rurallascolonias.com.ar\/?p=11613","title":{"rendered":"Mucho ruido en la superficie lechera"},"content":{"rendered":"<p><strong><em><a href=\"http:\/\/rurallascolonias.com.ar\/?attachment_id=9013\" rel=\"attachment wp-att-9013\"><img loading=\"lazy\" class=\"alignleft wp-image-9013 size-medium\" src=\"http:\/\/rurallascolonias.com.ar\/wp-content\/uploads\/2015\/12\/alejandro-sanmartino-300x233.jpg\" alt=\"alejandro sanmartino\" width=\"300\" height=\"233\" srcset=\"http:\/\/rurallascolonias.com.ar\/wp-content\/uploads\/2015\/12\/alejandro-sanmartino-300x233.jpg 300w, http:\/\/rurallascolonias.com.ar\/wp-content\/uploads\/2015\/12\/alejandro-sanmartino.jpg 320w\" sizes=\"(max-width: 300px) 100vw, 300px\" \/><\/a>Pas\u00f3 la ExpoRural de Rafaela en medio de un mar de rumores y opiniones sobre el estado y los horizontes de la lecher\u00eda. Con todos los colores de las miradas, en concreto, el sector est\u00e1 pendiendo de un hilo<\/em><\/strong><!--more--><\/p>\n<p>Si bien los precios este mes se mantuvieron estables, e incluso crecieron algunos centavos, el camino a la primavera no deja muchas certezas en cuanto al ritmo consecutivo de esta variable tan influyente en el humor general. Tamberos e industriales no se animan a pisar en firme, sobre todo con comportamientos internacionales que no le dan fiabilidad, al menos a mediano plazo.<\/p>\n<p>El indicio positivo de esta semana fue la Resoluci\u00f3n General 3.925 de la AFIP, a trav\u00e9s de la cual se prolonga la reducci\u00f3n temporaria de la al\u00edcuota vigente en el r\u00e9gimen de retenci\u00f3n del impuesto al valor agregado aplicable a la compraventa de leche fluida sin procesar de ganado bovino, establecido por la Resoluci\u00f3n General N\u00b0 1.428, sus modificatorias y complementarias, que se anunciara en abril pasado.<\/p>\n<p>Ser\u00e1 hasta el 31 de diciembre que de la percepci\u00f3n del seis por ciento que se tiene habitualmente por IVA, se pase s\u00f3lo a un punto y as\u00ed se le d\u00e9 un ox\u00edgeno a la rentabilidad del productor, que en todas las cuencas est\u00e1 muy complicada. Este tema hab\u00eda sido reclamado en el reciente encuentro entre la Subsecretar\u00eda de Lecher\u00eda y la Comisi\u00f3n de Enlace, como uno de las medidas m\u00e1s inmediatas a aplicar en el sector.<\/p>\n<p>De todas maneras, en los pr\u00f3ximos d\u00edas los encuentros entre los integrantes del Ministerio de Agroindustria y las entidades continuar\u00e1n, en un ambiente de muchos rumores, que debe esclarecerse para poder trabajar hacia adelante.<\/p>\n<p>Honestidad<\/p>\n<p>En este marco y aprovechando el paso por Rafaela de Alejandro Sammartino, CASTELLANOS lo consult\u00f3 sobre su propia percepci\u00f3n del sector. \u201cEmociona la energ\u00eda, la pasi\u00f3n de los equipos de trabajo\u201d, dijo el funcionario luego de finalizar la premiaci\u00f3n de los Grandes Campeones Holando, en una pista que mantiene vivo el esp\u00edritu de la raza y la voluntad que requiere el tambo.<\/p>\n<p>Lo que quiso destacar fue \u201cel reconocimiento del Gobierno Nacional de una actividad lechera como motor de desarrollo de las regiones, de las cuencas, del territorio y nadie mejor que el Gobierno para entender eso\u201d asegur\u00f3 el funcionario que record\u00f3 las palabras del Ministro Buryaile en diciembre cuando hablaba de una prioridad para el sector, sobre la cual \u201cla hemos llevado adelante, con los errores y aciertos de cualquier gesti\u00f3n, pero con la honestidad de decir lo que podemos y lo que no podemos hacer. En ese sentido, estamos ac\u00e1 para escuchar a los productores en medio de lo que yo digo que ha sido la alineaci\u00f3n de todas las plagas de Egipto, con un mercado internacional desplomado, donde no hubo pol\u00edtica lechera en el mundo que resistiera ca\u00edda de precios de entre el 40 y el 50 por ciento \u201c, en tanto \u201ccon un mercado interno sobreofertado y una econom\u00eda en transici\u00f3n que todav\u00eda no termina de asentarse, sumado a los endeudamientos que ven\u00edan de antes, el des\u00e1nimo y sobre toda esa agenda es la que estamos trabajando\u201d.<\/p>\n<p>Sammartino habla de \u201cdistorsi\u00f3n\u201d en cuanto al reparto de la famosa renta en la cadena l\u00e1ctea. \u201cA partir de la sobreoferta del mercado, como l\u00f3gica del Gobierno anterior, planteando un conflicto entre la mesa de los argentinos y las exportaciones, llev\u00f3 a una ca\u00edda de la participaci\u00f3n del productor en el precio. Entendemos que es un indicador clave para entender la sanidad. Si no llegamos a que el productor participe de manera equitativa vamos a tener problemas, porque ese indicador que tiene que seguir un derrotero y viene mejorando del 19 por ciento al 28, todav\u00eda falta y entendemos que todav\u00eda hay plata para recuperar\u201d, en una negociaci\u00f3n que a\u00fan no se inici\u00f3 y que simplemente tuvo una instancia inicial de planteo ante la comercializaci\u00f3n. Sabiendo que \u201cel supermercado hace su negocio\u201d, es el Estado el que debe arbitrar y no intervenir, para no romper las normas vigentes. \u201cSe pueden sancionar los abusos de poder o la cartelizaci\u00f3n, en eso estamos\u201d, coment\u00f3 sin fecha cierta de nuevo encuentro con ese segmento.<\/p>\n<p>En este marco, el funcionario reconoci\u00f3, \u201ctenemos que seguir asistiendo financieramente a los productores lecheros en esta adversidad, eso es clave y vamos a seguir trabajando en ello. Entendemos que el precio se ha recuperado en t\u00e9rminos interanuales un 30 por ciento. Podemos decir que todav\u00eda no alcanza y estamos de acuerdo, pero el precio va a seguir evolucionando positivamente, lamentablemente por la ca\u00edda de oferta que hay\u201d, como clara consecuencia del factor clim\u00e1tico.<\/p>\n<p>Si bien el Gobierno Nacional no arriesga cifras sobre el cierre de tambos, se habla mucho de los altos niveles de marginalidad que se conservan en el sector primario, mientras se espera el balance de la reciente vacunaci\u00f3n antiaftosa del Senasa para conocer el nivel de existencias de vacas. \u201cEntendemos que ha habido mucha vaca que fue a frigor\u00edfico, parte de las vacas de rechazo que se adelantaron y parte que podr\u00eda haber sido productora de leche tambi\u00e9n\u201d, remarc\u00f3, en el reconocimiento de un achicamiento de los planteles lecheros.<\/p>\n<p>Mientras el debate sobre los stocks de manteca abruman los problemas de base, los dirigentes en general no pierden de vista los temas fundamentales y las necesidades argentinas de mejorar las condiciones de un mercado esencial y que puede salir a pelear liderazgos en lo global.<\/p>\n<p>\u201cTodo el mundo entiende que la situaci\u00f3n va a mejorar\u201d asume Alejandro Sammartino, mirando de modo optimista a un sector que \u201cnecesita plata y cr\u00e9ditos\u201d, para acompa\u00f1ar una recuperaci\u00f3n con una oferta de dinero acorde a lo que compromete hoy a la lecher\u00eda.<\/p>\n<p>La opci\u00f3n de un endeudamiento es algo que se tiene que debatir de manera m\u00e1s pormenorizada y quiz\u00e1 en las pr\u00f3ximas semanas tenga alg\u00fan indicio m\u00e1s concreto.<\/p>\n<p>Elida Thiery<\/p>\n","protected":false},"excerpt":{"rendered":"<p>Pas\u00f3 la ExpoRural de Rafaela en medio de un mar de rumores y opiniones sobre el estado y los horizontes de la lecher\u00eda. Con todos los colores de las miradas, en concreto, el sector est\u00e1 pendiendo de un hilo<\/p>\n","protected":false},"author":5,"featured_media":0,"comment_status":"open","ping_status":"open","sticky":false,"template":"","format":"standard","meta":[],"categories":[46],"tags":[89,3124],"_links":{"self":[{"href":"http:\/\/rurallascolonias.com.ar\/index.php?rest_route=\/wp\/v2\/posts\/11613"}],"collection":[{"href":"http:\/\/rurallascolonias.com.ar\/index.php?rest_route=\/wp\/v2\/posts"}],"about":[{"href":"http:\/\/rurallascolonias.com.ar\/index.php?rest_route=\/wp\/v2\/types\/post"}],"author":[{"embeddable":true,"href":"http:\/\/rurallascolonias.com.ar\/index.php?rest_route=\/wp\/v2\/users\/5"}],"replies":[{"embeddable":true,"href":"http:\/\/rurallascolonias.com.ar\/index.php?rest_route=%2Fwp%2Fv2%2Fcomments&post=11613"}],"version-history":[{"count":1,"href":"http:\/\/rurallascolonias.com.ar\/index.php?rest_route=\/wp\/v2\/posts\/11613\/revisions"}],"predecessor-version":[{"id":11614,"href":"http:\/\/rurallascolonias.com.ar\/index.php?rest_route=\/wp\/v2\/posts\/11613\/revisions\/11614"}],"wp:attachment":[{"href":"http:\/\/rurallascolonias.com.ar\/index.php?rest_route=%2Fwp%2Fv2%2Fmedia&parent=11613"}],"wp:term":[{"taxonomy":"category","embeddable":true,"href":"http:\/\/rurallascolonias.com.ar\/index.php?rest_route=%2Fwp%2Fv2%2Fcategories&post=11613"},{"taxonomy":"post_tag","embeddable":true,"href":"http:\/\/rurallascolonias.com.ar\/index.php?rest_route=%2Fwp%2Fv2%2Ftags&post=11613"}],"curies":[{"name":"wp","href":"https:\/\/api.w.org\/{rel}","templated":true}]}}