{"id":11610,"date":"2016-08-10T10:51:17","date_gmt":"2016-08-10T10:51:17","guid":{"rendered":"http:\/\/rurallascolonias.com.ar\/?p=11610"},"modified":"2016-08-10T15:58:47","modified_gmt":"2016-08-10T15:58:47","slug":"todo-lo-que-paso-en-el-reencuentro-de-la-mesa-de-enlace","status":"publish","type":"post","link":"http:\/\/rurallascolonias.com.ar\/?p=11610","title":{"rendered":"Todo lo que pas\u00f3 en el reencuentro de la Mesa de Enlace"},"content":{"rendered":"<p><strong><em><a href=\"http:\/\/rurallascolonias.com.ar\/?attachment_id=11611\" rel=\"attachment wp-att-11611\"><img loading=\"lazy\" class=\"aligncenter wp-image-11611 size-medium\" src=\"http:\/\/rurallascolonias.com.ar\/wp-content\/uploads\/2016\/08\/mesa-de-enlace-venegas-960-300x133.jpg\" alt=\"mesa-de-enlace-venegas-960\" width=\"300\" height=\"133\" srcset=\"http:\/\/rurallascolonias.com.ar\/wp-content\/uploads\/2016\/08\/mesa-de-enlace-venegas-960-300x133.jpg 300w, http:\/\/rurallascolonias.com.ar\/wp-content\/uploads\/2016\/08\/mesa-de-enlace-venegas-960-600x266.jpg 600w, http:\/\/rurallascolonias.com.ar\/wp-content\/uploads\/2016\/08\/mesa-de-enlace-venegas-960-624x277.jpg 624w, http:\/\/rurallascolonias.com.ar\/wp-content\/uploads\/2016\/08\/mesa-de-enlace-venegas-960.jpg 631w\" sizes=\"(max-width: 300px) 100vw, 300px\" \/><\/a>Se reunieron en la sede de la UATRE donde se propuso construir una nueva realidad para el crecimiento del campo<\/em><\/strong><!--more--><\/p>\n<p>Ger\u00f3nimo \u00abMomo\u00bb Venegas, presidente nacional del Partido Fe, present\u00f3, junto a la Mesa de Enlace, al grupo Encuentro, un Centro de Estudios Estrat\u00e9gicos sobre pol\u00edticas p\u00fablicas para la Argentina actual, que realiza hoy una jornada de debates sobre el tema: \u00abEl campo como motor del cambio\u00bb.<\/p>\n<p>Venegas junto a Luis Miguel Etchevere de la Sociedad Rural, Egidio Mailland de Coninagro, Omar Pr\u00edncipe de Federaci\u00f3n Agraria, y Dardo Chiesa de CRA, integraron el panel de apertura de la jornada, que cerrar\u00e1n esta tarde los ministros Rogelio Frigerio, de Interior; Francisco Cabrera, de la Producci\u00f3n y Jorge Triaca, de Trabajo, en la Escuela Pol\u00edtico Sindical de la UATRE (Urquiza 836), CABA.<\/p>\n<p>El segundo panel trat\u00f3 sobre \u00aboportunidades y desaf\u00edos para el campo\u00bb, y cont\u00f3 con la presencia de los periodistas Mat\u00edas Longoni, Javier Lanari y Carlos Lencina. El tercer panel por la tarde, se centr\u00f3 en el \u00bb panorama agroindustrial argentino\u00bb, y fue abordado por Juan Carlos Paulucci, Pablo Carlos Rojo, Carlos Goldstein y Luciano Laspina.<\/p>\n<p>Venegas habl\u00f3 de una nueva etapa abierta en el pa\u00eds a partir del gobierno del presidente Macri. \u00abAhora podemos pensar en construir, trabajar y aprovechar todo el potencial que tiene la Argentina en materia productiva. Si no hay trabajadores no hay producci\u00f3n\u00bb, remarc\u00f3. El presidente del partido FE destac\u00f3 la presencia de \u00abla Mesa de Enlace con tanta historia en el sector agropecuario de los \u00faltimos a\u00f1os, hoy representada en esta jornada por sus presidentes\u00bb.<\/p>\n<p>Dardo Chiesa, presidente de CRA, consider\u00f3 que \u00abcuando pensamos en el agro no podemos dejar de pensar de d\u00f3nde venimos. Quedamos heridos de la etapa anterior-dijo-.En los primeros meses de este gobierno, si bien podemos asegurar que el campo ha tenido cosas a favor, tambi\u00e9n tenemos que decir que las producciones regionales siguen complicadas. El sector agropecuario hoy tiene el desaf\u00edo de crecer y de aumentar la producci\u00f3n. Por eso-enfatiz\u00f3- nosotros le reclamamos al gobierno una integraci\u00f3n en toda la cadena productiva. Los productores debemos participar en esa cadena de forma equilibrada. Tenemos que pensar que Argentina debe crecer con la agroindustria\u00bb.<\/p>\n<p>Egidio Mailland de Coninagro, defendi\u00f3 la importancia de defender no solo la reducci\u00f3n de las retenciones, sino el valor de la propiedad privada.\u00bbQui\u00e9n puede dudar del rol del campo cuando mira la Patagonia. Debemos trabajar junto a la industria-sostuvo-. Detr\u00e1s de un grano de trigo hay una gran cantidad de trabajadores. Tenemos la responsabilidad de que se nos considere como un motor productivo. Necesitamos reglas claras y que no nos cambien las reglas de juego. Soy optimista en esto\u00bb.<\/p>\n<p>Mailland adelant\u00f3 que \u00abvamos a sentarnos al lado del gobierno para analizar los cambios. En 6 meses estamos fortaleciendo la Argentina. Esperamos que no haya m\u00e1s pobres en la Argentina\u00bb, finaliz\u00f3.<\/p>\n<p>Omar Pr\u00edncipe, de Federaci\u00f3n Agraria Argentina, cuestion\u00f3 la d\u00e9cada kirchnerista y consider\u00f3 que \u00abcon su intervenci\u00f3n el estado nos hizo perder todos los mercados internacionales que estaban \u00e1vidos de nuestra producci\u00f3n\u00bb, y \u00abfavoreci\u00f3 la concentraci\u00f3n productiva, logrando la desaparici\u00f3n de miles de productores, que se apropiaron de las cadenas de valor\u00bb.<\/p>\n<p>En relaci\u00f3n al presente del gobierno macrista, sostuvo que la FAA est\u00e1 \u00abproponiendo un cambio de matriz productiva, porque cada vez somos menos los productores de alimentos\u00bb. Queremos un modelo donde los productores seamos responsables y los consumidores paguen un precio justo.\u00a0 Tenemos que hacer competitivas y eficientes a todas las econom\u00edas regionales. M\u00e1s que un desaf\u00edo es una gran responsabilidad esta etapa\u00bb, dijo finalmente.<\/p>\n<p>Finalmente Luis Miguel Etchevere de la SRA manifest\u00f3 su alegr\u00eda de que \u00ablos productores agropecuarios hayamos salido de la resistencia para cambiar la realidad para mejor. Tenemos la ventaja de saber lo que no funciona. Haber perjudicado a todas las producciones de la Argentina fue perjudicar a todo el pa\u00eds. A partir de lo que sabemos que no funciona, tenemos el desaf\u00edo de ver como logramos potencial productivo. El gran desaf\u00edo que tenemos por delante es la competitividad, y trabajar para resolver qu\u00e9 participaci\u00f3n tenemos los productores en la cadena de valor\u00bb.<\/p>\n<p>Fuente: Infocampo<\/p>\n","protected":false},"excerpt":{"rendered":"<p>Se reunieron en la sede de la UATRE donde se propuso construir una nueva realidad para el crecimiento del campo<\/p>\n","protected":false},"author":5,"featured_media":0,"comment_status":"open","ping_status":"open","sticky":false,"template":"","format":"standard","meta":[],"categories":[14],"tags":[34,3123],"_links":{"self":[{"href":"http:\/\/rurallascolonias.com.ar\/index.php?rest_route=\/wp\/v2\/posts\/11610"}],"collection":[{"href":"http:\/\/rurallascolonias.com.ar\/index.php?rest_route=\/wp\/v2\/posts"}],"about":[{"href":"http:\/\/rurallascolonias.com.ar\/index.php?rest_route=\/wp\/v2\/types\/post"}],"author":[{"embeddable":true,"href":"http:\/\/rurallascolonias.com.ar\/index.php?rest_route=\/wp\/v2\/users\/5"}],"replies":[{"embeddable":true,"href":"http:\/\/rurallascolonias.com.ar\/index.php?rest_route=%2Fwp%2Fv2%2Fcomments&post=11610"}],"version-history":[{"count":1,"href":"http:\/\/rurallascolonias.com.ar\/index.php?rest_route=\/wp\/v2\/posts\/11610\/revisions"}],"predecessor-version":[{"id":11612,"href":"http:\/\/rurallascolonias.com.ar\/index.php?rest_route=\/wp\/v2\/posts\/11610\/revisions\/11612"}],"wp:attachment":[{"href":"http:\/\/rurallascolonias.com.ar\/index.php?rest_route=%2Fwp%2Fv2%2Fmedia&parent=11610"}],"wp:term":[{"taxonomy":"category","embeddable":true,"href":"http:\/\/rurallascolonias.com.ar\/index.php?rest_route=%2Fwp%2Fv2%2Fcategories&post=11610"},{"taxonomy":"post_tag","embeddable":true,"href":"http:\/\/rurallascolonias.com.ar\/index.php?rest_route=%2Fwp%2Fv2%2Ftags&post=11610"}],"curies":[{"name":"wp","href":"https:\/\/api.w.org\/{rel}","templated":true}]}}