{"id":11606,"date":"2016-08-10T10:50:54","date_gmt":"2016-08-10T10:50:54","guid":{"rendered":"http:\/\/rurallascolonias.com.ar\/?p=11606"},"modified":"2016-08-10T15:51:04","modified_gmt":"2016-08-10T15:51:04","slug":"cabrera-y-buryaile-deben-sentarse-a-disenar-politicas-lecheras","status":"publish","type":"post","link":"http:\/\/rurallascolonias.com.ar\/?p=11606","title":{"rendered":"\u201cCabrera y Buryaile deben sentarse a dise\u00f1ar pol\u00edticas lecheras\u201d"},"content":{"rendered":"<p><strong><em><a href=\"http:\/\/rurallascolonias.com.ar\/?attachment_id=11607\" rel=\"attachment wp-att-11607\"><img loading=\"lazy\" class=\"aligncenter wp-image-11607 size-medium\" src=\"http:\/\/rurallascolonias.com.ar\/wp-content\/uploads\/2016\/08\/Vionnet-en-Rafaela_th_grande_completa-300x127.jpg\" alt=\"Vionnet en Rafaela_th_grande_completa\" width=\"300\" height=\"127\" srcset=\"http:\/\/rurallascolonias.com.ar\/wp-content\/uploads\/2016\/08\/Vionnet-en-Rafaela_th_grande_completa-300x127.jpg 300w, http:\/\/rurallascolonias.com.ar\/wp-content\/uploads\/2016\/08\/Vionnet-en-Rafaela_th_grande_completa-600x253.jpg 600w, http:\/\/rurallascolonias.com.ar\/wp-content\/uploads\/2016\/08\/Vionnet-en-Rafaela_th_grande_completa-624x264.jpg 624w, http:\/\/rurallascolonias.com.ar\/wp-content\/uploads\/2016\/08\/Vionnet-en-Rafaela_th_grande_completa.jpg 748w\" sizes=\"(max-width: 300px) 100vw, 300px\" \/><\/a>Afirm\u00f3 Gustavo Vionnet, presidente de Carsfe, refiri\u00e9ndose a los ministros de Industria y Agroindustria respectivamente, en su discurso en la Expo Rural Rafaela\u00a0<\/em><\/strong><!--more--><\/p>\n<div align=\"justify\">La 109\u00b0 edici\u00f3n de la <strong>Expo Rural de Rafaela,<\/strong> en la provincia de Santa Fe, dej\u00f3 mucho de qu\u00e9 hablar. Ubicada en una de las cuencas lecheras m\u00e1s importantes del pa\u00eds, sin lugar a dudas la crisis tambera fue de una de las principales protagonistas de esta edici\u00f3n. Y cada uno de los dirigentes que por all\u00ed pas\u00f3, hizo fuertes declaraciones al respecto.<\/div>\n<div align=\"justify\">Como fue el caso de <strong>Gustavo Vionnet, presidente de Confederaci\u00f3n de Asociaciones Rurales de Santa Fe (Carsfe)<\/strong>, quien afirm\u00f3 que los productores tamberos argentinos son los que <em>\u00abcobran los precios m\u00e1s bajos del mundo, mientras que los consumidores argentinos somos los que pagamos los precios m\u00e1s altos del mundo\u00bb<\/em>, dando cuenta del desfasaje que existe en la cadena.<\/div>\n<div align=\"justify\"><em>\u00abLos soldados que se pierden son los nuestros, se pierden nuestras vacas, se pierden nuestros productores\u00bb, <\/em>describi\u00f3 <strong>Vionnet<\/strong>,<em> \u00abLa soluci\u00f3n no est\u00e1 en que queden tres mil tamberos menos\u00bb, <\/em>aleg\u00f3 el dirigente.<\/div>\n<div align=\"justify\"><em>\u00abLa soluci\u00f3n es atacar el verdadero problema. La soluci\u00f3n est\u00e1 en la cadena\u00bb, <\/em>apunt\u00f3 <strong>Vionnet<\/strong>, <em>\u00abLa soluci\u00f3n es que el ministro Cabrera y el ministro Buryaile se sienten a dise\u00f1ar la pol\u00edtica lechera\u00bb.<\/em><\/div>\n<div align=\"justify\"><\/div>\n<p align=\"justify\">Redacci\u00f3n Infortambo.com.ar<\/p>\n<p>&nbsp;<\/p>\n","protected":false},"excerpt":{"rendered":"<p>Afirm\u00f3 Gustavo Vionnet, presidente de Carsfe, refiri\u00e9ndose a los ministros de Industria y Agroindustria respectivamente, en su discurso en la Expo Rural Rafaela\u00a0<\/p>\n","protected":false},"author":5,"featured_media":0,"comment_status":"open","ping_status":"open","sticky":false,"template":"","format":"standard","meta":[],"categories":[14],"tags":[657,188],"_links":{"self":[{"href":"http:\/\/rurallascolonias.com.ar\/index.php?rest_route=\/wp\/v2\/posts\/11606"}],"collection":[{"href":"http:\/\/rurallascolonias.com.ar\/index.php?rest_route=\/wp\/v2\/posts"}],"about":[{"href":"http:\/\/rurallascolonias.com.ar\/index.php?rest_route=\/wp\/v2\/types\/post"}],"author":[{"embeddable":true,"href":"http:\/\/rurallascolonias.com.ar\/index.php?rest_route=\/wp\/v2\/users\/5"}],"replies":[{"embeddable":true,"href":"http:\/\/rurallascolonias.com.ar\/index.php?rest_route=%2Fwp%2Fv2%2Fcomments&post=11606"}],"version-history":[{"count":2,"href":"http:\/\/rurallascolonias.com.ar\/index.php?rest_route=\/wp\/v2\/posts\/11606\/revisions"}],"predecessor-version":[{"id":11609,"href":"http:\/\/rurallascolonias.com.ar\/index.php?rest_route=\/wp\/v2\/posts\/11606\/revisions\/11609"}],"wp:attachment":[{"href":"http:\/\/rurallascolonias.com.ar\/index.php?rest_route=%2Fwp%2Fv2%2Fmedia&parent=11606"}],"wp:term":[{"taxonomy":"category","embeddable":true,"href":"http:\/\/rurallascolonias.com.ar\/index.php?rest_route=%2Fwp%2Fv2%2Fcategories&post=11606"},{"taxonomy":"post_tag","embeddable":true,"href":"http:\/\/rurallascolonias.com.ar\/index.php?rest_route=%2Fwp%2Fv2%2Ftags&post=11606"}],"curies":[{"name":"wp","href":"https:\/\/api.w.org\/{rel}","templated":true}]}}