{"id":1159,"date":"2014-01-31T16:01:24","date_gmt":"2014-01-31T16:01:24","guid":{"rendered":"http:\/\/rurallascolonias.com.ar\/?p=1159"},"modified":"2014-01-31T16:01:24","modified_gmt":"2014-01-31T16:01:24","slug":"el-girasol-en-su-peor-campana","status":"publish","type":"post","link":"http:\/\/rurallascolonias.com.ar\/?p=1159","title":{"rendered":"EL GIRASOL EN SU PEOR CAMPA\u00d1A"},"content":{"rendered":"<div><a href=\"http:\/\/rurallascolonias.com.ar\/wp-content\/uploads\/2014\/01\/girasol-4.jpg\"><img loading=\"lazy\" class=\"aligncenter size-full wp-image-1160\" alt=\"girasol 4\" src=\"http:\/\/rurallascolonias.com.ar\/wp-content\/uploads\/2014\/01\/girasol-4.jpg\" width=\"259\" height=\"194\" \/><\/a>La superficie se ubicar\u00eda por debajo de 1,45 mill\u00f3n de hect\u00e1reas y apenas se lleva cosechado cerca del 20% del \u00e1rea cultivable.<!--more--><\/div>\n<div><\/div>\n<div>\n<p align=\"justify\">\u00a0\u00a0\u00a0La posibilidad de afrontar la \u201cpeor campa\u00f1a de girasol de los \u00faltimos cuarenta a\u00f1os\u201d puso en vilo a toda la cadena de valor girasolera, debido a que la superficie se ubicar\u00eda por debajo de 1,45 mill\u00f3n de hect\u00e1reas y apenas se lleva cosechado cerca del 20% del \u00e1rea cultivable.<\/p>\n<p>As\u00ed lo inform\u00f3 ayer la Asociaci\u00f3n Argentina de Girasol (Asagir), que indic\u00f3 que la situaci\u00f3n est\u00e1 vinculada a la desfavorable situaci\u00f3n clim\u00e1tica, la ca\u00edda que experimentan los precios internacionales y el impacto que tienen la continuidad del esquema de retenciones, con un 30% para aceite y harina y un 32% para el grano.<\/p>\n<p>Para Asagir, la siembra de la oleaginosa y la necesidad de afrontar el pago de los derechos de exportaci\u00f3n, sumadas a cuestiones como costos y precios \u201cle quita competitividad a un cultivo clave para muchas econom\u00edas regionales\u201d.<\/p>\n<p>\u201cLa cadena de valor del girasol atraviesa la peor campa\u00f1a de los \u00faltimos 40 a\u00f1os\u201d, indicaron desde la asociaci\u00f3n girasolera.<\/p>\n<p>Estos y otros temas ser\u00e1n analizados en detalle por productores, empresas y c\u00e1maras vinculadas al girasol en el sexto congreso organizado por Asagir, que tendr\u00e1 lugar el 27 de mayo en la Ciudad de Buenos Aires.<\/p>\n<p>La Argentina fue hist\u00f3ricamente un referente mundial en materia de producci\u00f3n de girasol, tanto por los vol\u00famenes de sus cultivos como por el consumo de aceite por habitante, y tambi\u00e9n por la participaci\u00f3n que reportaba en el mercado internacional.<\/p>\n<p>En su \u00faltimo informe semanal, la Bolsa de Cereales porte\u00f1a mantiene un \u00e1rea de cosecha de 1,456 mill\u00f3n de hect\u00e1reas, cifra que es un 1,7% inferior al \u00e1rea cosechada en la campa\u00f1a 2012-13.<\/p>\n<p>Seg\u00fan los datos relevados, se levant\u00f3 hasta el momento cerca de un 19% del \u00e1rea girasolera nacional, es decir unas 270 mil hect\u00e1reas, con un volumen producido de 370 mil toneladas.<\/p>\n<p>De esta forma, la producci\u00f3n de girasol que arrojar\u00eda la presente campa\u00f1a exhibir\u00eda una merma superior al 23% respecto a lo obtenido en el anterior ciclo girasolero, cuando se alcanzaron las 3,3 millones de toneladas.<\/p>\n<p align=\"justify\">Fuente:\u00a0<a title=\"Edici\u00f3n Rural\" href=\"http:\/\/www.edicionrural.com\/\">Edici\u00f3n Rural<\/a><\/p>\n<\/div>\n","protected":false},"excerpt":{"rendered":"<p>La superficie se ubicar\u00eda por debajo de 1,45 mill\u00f3n de hect\u00e1reas y apenas se lleva cosechado cerca del 20% del \u00e1rea cultivable.<\/p>\n","protected":false},"author":5,"featured_media":0,"comment_status":"closed","ping_status":"closed","sticky":false,"template":"","format":"standard","meta":[],"categories":[18],"tags":[321],"_links":{"self":[{"href":"http:\/\/rurallascolonias.com.ar\/index.php?rest_route=\/wp\/v2\/posts\/1159"}],"collection":[{"href":"http:\/\/rurallascolonias.com.ar\/index.php?rest_route=\/wp\/v2\/posts"}],"about":[{"href":"http:\/\/rurallascolonias.com.ar\/index.php?rest_route=\/wp\/v2\/types\/post"}],"author":[{"embeddable":true,"href":"http:\/\/rurallascolonias.com.ar\/index.php?rest_route=\/wp\/v2\/users\/5"}],"replies":[{"embeddable":true,"href":"http:\/\/rurallascolonias.com.ar\/index.php?rest_route=%2Fwp%2Fv2%2Fcomments&post=1159"}],"version-history":[{"count":1,"href":"http:\/\/rurallascolonias.com.ar\/index.php?rest_route=\/wp\/v2\/posts\/1159\/revisions"}],"predecessor-version":[{"id":1161,"href":"http:\/\/rurallascolonias.com.ar\/index.php?rest_route=\/wp\/v2\/posts\/1159\/revisions\/1161"}],"wp:attachment":[{"href":"http:\/\/rurallascolonias.com.ar\/index.php?rest_route=%2Fwp%2Fv2%2Fmedia&parent=1159"}],"wp:term":[{"taxonomy":"category","embeddable":true,"href":"http:\/\/rurallascolonias.com.ar\/index.php?rest_route=%2Fwp%2Fv2%2Fcategories&post=1159"},{"taxonomy":"post_tag","embeddable":true,"href":"http:\/\/rurallascolonias.com.ar\/index.php?rest_route=%2Fwp%2Fv2%2Ftags&post=1159"}],"curies":[{"name":"wp","href":"https:\/\/api.w.org\/{rel}","templated":true}]}}