{"id":11573,"date":"2016-08-08T10:42:39","date_gmt":"2016-08-08T10:42:39","guid":{"rendered":"http:\/\/rurallascolonias.com.ar\/?p=11573"},"modified":"2016-08-08T16:43:10","modified_gmt":"2016-08-08T16:43:10","slug":"afirman-que-la-nina-intenta-avanzar-pero-la-resistencia-de-el-nino-se-lo-impide","status":"publish","type":"post","link":"http:\/\/rurallascolonias.com.ar\/?p=11573","title":{"rendered":"Afirman que La Ni\u00f1a intenta avanzar, pero la resistencia de \u00abEl Ni\u00f1o\u00bb se lo impide"},"content":{"rendered":"<p><strong><em><a href=\"http:\/\/rurallascolonias.com.ar\/?attachment_id=10132\" rel=\"attachment wp-att-10132\"><img loading=\"lazy\" class=\"aligncenter size-full wp-image-10132\" src=\"http:\/\/rurallascolonias.com.ar\/wp-content\/uploads\/2016\/03\/La-Ni\u00f1a.jpg\" alt=\"La Ni\u00f1a\" width=\"275\" height=\"183\" \/><\/a>La mayor parte de los centros de previsi\u00f3n clim\u00e1tica coincide en que la campa\u00f1a 2016\/2017 ser\u00e1 afectada por un episodio de \u201cLa Ni\u00f1a\u201d<\/em><\/strong><!--more--><\/p>\n<p>No obstante, el intenso \u201cEl Ni\u00f1o\u201d, ocurrido durante la temporada anterior, contin\u00faa mostrando una fuerte acci\u00f3n residual que lentifica significativamente su desarrollo.<\/p>\n<p>Las amplias reservas de humedad dejadas por \u201cEl Ni\u00f1o\u201d, y los extensos espejos de agua que subsisten sobre el Litoral Fluvial, generan sistemas locales de precipitaciones que mitigar\u00e1n en buena medida los efectos depresivos de \u201cLa Ni\u00f1a\u201d.<\/p>\n<p>A estos factores, se suma el hecho de que, en el Atl\u00e1ntico Subtropical Sur, conviven una amplia superficie con aguas calientes, aportadas desde el Ecuador por la Corriente del Brasil, con las aguas fr\u00edas tra\u00eddas por la Corriente de Malvinas desde el Polo Sur, cuyo encuentro genera vientos fr\u00edos y h\u00famedos, que penetran en el Continente, generando rachas prolongadas de tiempo nublado, h\u00famedo y lluvioso.<\/p>\n<p>No obstante, \u201cLa Ni\u00f1a\u201d ir\u00e1 afirmando gradualmente su presencia, haci\u00e9ndose sentir progresivamente, primero en forma local, pasando posteriormente a producir efectos m\u00e1s generales e intensos.<\/p>\n<p>En caso de que \u201cLa Ni\u00f1a\u201d continuara su desarrollo durante la campa\u00f1a 2017\/2018, sus efectos podr\u00edan alcanzar gran intensidad, afectando seriamente a la producci\u00f3n de esa temporada.<\/p>\n<p>Los factores expuestos har\u00e1n que, durante la campa\u00f1a 2016\/2017 el sistema clim\u00e1tico se comporte en forma muy irregular, lo cual se manifestar\u00e1 en la distribuci\u00f3n de las precipitaciones.<\/p>\n<p>Debido a ello coexistir\u00e1n amplios focos con valores superiores a lo normal (\u00e1reas en celeste a azul), con igualmente amplias extensiones con registros inferiores a la media (\u00e1reas en amarillo a rojo), mientras que las superficies con valores dentro del rango normal (\u00e1reas en verde) ser\u00e1n escasas.<\/p>\n<p>La mayor parte de Bolivia, la mayor parte de Chile, el NOA, el oeste de Cuyo, el oeste del Paraguay y el oeste de la Regi\u00f3n del Chaco ser\u00e1n los primeros en evidenciar la acci\u00f3n creciente de \u201cLa Ni\u00f1a\u201d, observando precipitaciones superiores a lo normal.<\/p>\n<p>La mayor del Brasil y la Regi\u00f3n Oriental del Paraguay experimentar\u00e1n una mezcla de s\u00edntomas de \u201cLa Ni\u00f1a\u201d y de \u201cEl Ni\u00f1o\u201d observando precipitaciones muy irregulares, con un foco de registros muy abundantes sobre el Nordeste del Brasil.<\/p>\n<p>La Pcia de Misiones y las zonas aleda\u00f1as en La Argentina, Paraguay y el Brasil observar\u00e1n acci\u00f3n residual de \u201cEl Ni\u00f1o\u201d, recibiendo valores superiores a lo normal, que podr\u00edan reactivar la crecida de los grandes r\u00edos.<\/p>\n<p>El este de Cuyo, la mayor parte de la regi\u00f3n Pampeana, la mayor parte de la Mesopotamia y la mayor parte del Uruguay observar\u00e1n precipitaciones algo inferiores a lo normal, con un amplio foco de sequ\u00eda en el l\u00edmite com\u00fan entre C\u00f3rdoba, Santa Fe, La Pampa y Buenos Aires, donde la acci\u00f3n de \u201cLa Ni\u00f1a\u201d se sentir\u00e1 con m\u00e1s fuerza.<!--more--><\/p>\n<h2 class=\"subtitulosnota\">Conclusiones<\/h2>\n<p>Lo expuesto har\u00e1 que la campa\u00f1a 2016\/2017 (Julio de 2016 a Junio de 2017) muestre una gama de rasgos contrapuestos, que surgir\u00e1n de la puja entre la acci\u00f3n residual de \u201cEl Ni\u00f1o\u201d y el avance de \u201cLa Ni\u00f1a\u201d, as\u00ed como de la interacci\u00f3n con el estado de temperatura del Oc\u00e9ano Atl\u00e1ntico, y los numerosos factores secundarios que contribuyen a esta compleja interacci\u00f3n.<\/p>\n<p>Se producir\u00e1 una alternancia entre procesos clim\u00e1ticos contrapuestos.<\/p>\n<p>Por un lado, se producir\u00e1n intensas rachas de tormentas, que descargar\u00e1n sus precipitaciones en forma muy despareja, con riesgo de tormentas severas, con granizo y vientos.<\/p>\n<p>Por otro lado, se producir\u00e1n entradas de aire polar, con riesgo de heladas intensas, durante el invierno, y de heladas tard\u00edas, durante lo que queda del invierno y la primera parte de la primavera, dando paso a lapsos prolongados secos y calurosos, cuya duraci\u00f3n e intensidad ir\u00e1n acentu\u00e1ndose a lo largo de la segunda parte de la primavera y el verano pr\u00f3ximos. No obstante, estos riesgos no ser\u00e1n tan intensos como los que se dar\u00edan si \u201cLa Ni\u00f1a\u201d pudiera alcanzar su pleno desarrollo en tiempo y forma<\/p>\n<p>Por lo tanto, se trata de un escenario clim\u00e1tico que, aunque mucho menos riguroso que un episodio t\u00edpico de \u201cLa Ni\u00f1a\u201d, presentar\u00e1 numerosos riesgos que ir\u00e1n present\u00e1ndose a lo largo de su desarrollo, requiri\u00e9ndose una cuidadosa planificaci\u00f3n para enfrentarlos con \u00e9xito.<\/p>\n<p>Gentileza AgroEducaci\u00f3n<\/p>\n","protected":false},"excerpt":{"rendered":"<p>La mayor parte de los centros de previsi\u00f3n clim\u00e1tica coincide en que la campa\u00f1a 2016\/2017 ser\u00e1 afectada por un episodio de \u201cLa Ni\u00f1a\u201d<\/p>\n","protected":false},"author":5,"featured_media":0,"comment_status":"open","ping_status":"open","sticky":false,"template":"","format":"standard","meta":[],"categories":[40],"tags":[],"_links":{"self":[{"href":"http:\/\/rurallascolonias.com.ar\/index.php?rest_route=\/wp\/v2\/posts\/11573"}],"collection":[{"href":"http:\/\/rurallascolonias.com.ar\/index.php?rest_route=\/wp\/v2\/posts"}],"about":[{"href":"http:\/\/rurallascolonias.com.ar\/index.php?rest_route=\/wp\/v2\/types\/post"}],"author":[{"embeddable":true,"href":"http:\/\/rurallascolonias.com.ar\/index.php?rest_route=\/wp\/v2\/users\/5"}],"replies":[{"embeddable":true,"href":"http:\/\/rurallascolonias.com.ar\/index.php?rest_route=%2Fwp%2Fv2%2Fcomments&post=11573"}],"version-history":[{"count":1,"href":"http:\/\/rurallascolonias.com.ar\/index.php?rest_route=\/wp\/v2\/posts\/11573\/revisions"}],"predecessor-version":[{"id":11575,"href":"http:\/\/rurallascolonias.com.ar\/index.php?rest_route=\/wp\/v2\/posts\/11573\/revisions\/11575"}],"wp:attachment":[{"href":"http:\/\/rurallascolonias.com.ar\/index.php?rest_route=%2Fwp%2Fv2%2Fmedia&parent=11573"}],"wp:term":[{"taxonomy":"category","embeddable":true,"href":"http:\/\/rurallascolonias.com.ar\/index.php?rest_route=%2Fwp%2Fv2%2Fcategories&post=11573"},{"taxonomy":"post_tag","embeddable":true,"href":"http:\/\/rurallascolonias.com.ar\/index.php?rest_route=%2Fwp%2Fv2%2Ftags&post=11573"}],"curies":[{"name":"wp","href":"https:\/\/api.w.org\/{rel}","templated":true}]}}