{"id":11566,"date":"2016-08-08T10:09:57","date_gmt":"2016-08-08T10:09:57","guid":{"rendered":"http:\/\/rurallascolonias.com.ar\/?p=11566"},"modified":"2016-08-08T12:13:52","modified_gmt":"2016-08-08T12:13:52","slug":"lifschitz-en-la-inauguracion-de-la-expo-rural-rafaela","status":"publish","type":"post","link":"http:\/\/rurallascolonias.com.ar\/?p=11566","title":{"rendered":"Lifschitz en la inauguraci\u00f3n de la Expo Rural Rafaela"},"content":{"rendered":"<p><em><strong><a href=\"http:\/\/rurallascolonias.com.ar\/?attachment_id=11567\" rel=\"attachment wp-att-11567\"><img loading=\"lazy\" class=\"aligncenter wp-image-11567 size-medium\" src=\"http:\/\/rurallascolonias.com.ar\/wp-content\/uploads\/2016\/08\/lifschitz-rural-rafaela-800x510-300x191.jpg\" alt=\"lifschitz-rural-rafaela-800x510\" width=\"300\" height=\"191\" srcset=\"http:\/\/rurallascolonias.com.ar\/wp-content\/uploads\/2016\/08\/lifschitz-rural-rafaela-800x510-300x191.jpg 300w, http:\/\/rurallascolonias.com.ar\/wp-content\/uploads\/2016\/08\/lifschitz-rural-rafaela-800x510-768x490.jpg 768w, http:\/\/rurallascolonias.com.ar\/wp-content\/uploads\/2016\/08\/lifschitz-rural-rafaela-800x510-600x383.jpg 600w, http:\/\/rurallascolonias.com.ar\/wp-content\/uploads\/2016\/08\/lifschitz-rural-rafaela-800x510-624x398.jpg 624w, http:\/\/rurallascolonias.com.ar\/wp-content\/uploads\/2016\/08\/lifschitz-rural-rafaela-800x510.jpg 800w\" sizes=\"(max-width: 300px) 100vw, 300px\" \/><\/a>Este domingo, qued\u00f3 inaugurada de forma oficial la 109\u00aa edici\u00f3n de la Expo Rural de Rafaela y la Regi\u00f3n, con la presencia del gobernador de Santa Fe, Miguel Lifschitz, que particip\u00f3 de la ceremonia principal<\/strong><\/em><!--more--><\/p>\n<p>&nbsp;<\/p>\n<p>\u201cEstas muestras rurales, particularmente esta con una larga tradici\u00f3n, nos hablan del pasado, de una historia rica de producci\u00f3n, de trabajo, de institucionalidad para sostener un evento de estas caracter\u00edsticas a\u00f1o tras a\u00f1o, con todos los avatares pol\u00edticos y econ\u00f3micos que hemos atravesado en la Argentina\u201d, dijo Lifschitz. \u201cDefender los intereses del sector es defender los intereses de la provincia, en definitiva. Porque en esta provincia, lo agroalimentario y lo agroindustrial es un todo en s\u00ed mismo, es un verdadero modelo de desarrollo sustentable que tiene que ver con lo econ\u00f3mico, lo productivo y los social. Defender al campo, a esa comunidad que tiene tanto desarrollo en Santa Fe es defender a Santa Fe y ayudar a construir un modelo de futuro\u201d, agreg\u00f3.<\/p>\n<p>El gobernador se\u00f1al\u00f3 que conoce todas y cada una de las problem\u00e1ticas del sector e indic\u00f3 que comparte \u201cla idea de transparentar los mercados. Esto es clave para tener una econom\u00eda que le d\u00e9 a cada sector lo que le corresponde, donde los beneficios de la producci\u00f3n no se concentren solamente en un sector y esto es particularmente importante en la lecher\u00eda; esto es lo que venimos reclam\u00e1ndole a la Naci\u00f3n como un aporte desde la experiencia santafesina\u201d.<\/p>\n<p>\u201cSi podemos, como pa\u00eds, subsidiar a la industria petrolera, \u00bfpor qu\u00e9 no hacer lo mismo con la lecher\u00eda? \u00bfPor qu\u00e9 no podemos pensar tambi\u00e9n en un precio de referencia para la leche?\u201d, se pregunt\u00f3. \u201cTenemos que defender la producci\u00f3n de Santa Fe y un modelo de desarrollo que tiene que ver con esta provincia. No siempre los modelos de desarrollo han pensado en el interior de las provincias y en las provincias del interior. Nosotros estamos convencidos de que el secreto de un futuro distinto para las provincias pasa por m\u00e1s federalismo\u201d, insisti\u00f3 el mandatario. Por ello sugiri\u00f3 \u201cpensar en todas las provincias sentadas a una misma mesa para discutir ideas y definir proyectos\u201d.<\/p>\n<p>Por otra parte, Lifschitz se refiri\u00f3 \u201cal enorme desaf\u00edo\u201d que se plantea de \u201cdesarrollar y construir una agricultura sustentable, porque hemos descubierto en el mundo que los recursos naturales no son ilimitados, que la tierra y el agua son recursos escasos, que el suelo es una bendici\u00f3n en nuestra regi\u00f3n siempre y cuando lo protejamos\u201d. A ello sum\u00f3, \u201cel gran desaf\u00edo de producir m\u00e1s alimentos porque el mundo lo reclama, porque es una fortaleza del sistema productivo santafesino, pero necesitamos hacerlo con menos recursos, de manera m\u00e1s eficiente y en eso podemos reconocer con orgullo que Santa Fe es pionera en incorporaci\u00f3n de tecnolog\u00eda, construcci\u00f3n de redes, modernizaci\u00f3n de la actividad agropecuaria y agroindustrial\u201d.<\/p>\n<p><strong>EXPO RURAL DE RAFAELA Y LA REGI\u00d3N<\/strong><br \/>\nUbicada en un centenario predio de cuatro hect\u00e1reas situado al norte de la ciudad de Rafaela, la muestra se constituye desde hace a\u00f1os como uno de los polos de exhibici\u00f3n con mayor impacto comercial en la regi\u00f3n central de la provincia. Esto es porque re\u00fane en un mismo espacio a representantes de los sectores agropecuario, agroalimentario, mec\u00e1nico-agr\u00edcola, comercial, de servicios y de la construcci\u00f3n, adem\u00e1s de las instituciones de la regi\u00f3n.<\/p>\n<p>La Expo Rural alcanza trascendencia nacional por la convocatoria, calidad y diversidad de sus presentaciones. Es as\u00ed que m\u00e1s de 30 mil personas visitan cada edici\u00f3n que cuenta con 300 expositores, concursos ganaderos, espect\u00e1culos, capacitaciones y charlas abiertas, adem\u00e1s de las diversas actividades organizadas para toda la familia.<\/p>\n<p><strong>LA INAUGURACI\u00d3N<\/strong><br \/>\nTambi\u00e9n estuvieron presentes el ministro de Producci\u00f3n de la provincia, Luis Contigiani; el secretario de Agricultura, Ganader\u00eda y Recursos Naturales, Carlos Corval\u00e1n; el intendente de Rafaela, Luis Castelano; el senador nacional Omar Perotti; los diputados provinciales Clara Garc\u00eda y Omar Mart\u00ednez; el presidente de la Sociedad Rural de Rafaela, Pedro Rostagno; el presidente de Carsfe, Gustavo Vionet; el vicepresidente de CRA, Jorge Chemes; autoridades provinciales, municipales, policiales, eclesi\u00e1sticas y gremiales; representantes de sociedades rurales de la regi\u00f3n, auspiciantes y expositores.<\/p>\n<p>Despu\u00e9s de dar la bienvenida a los presentes, Rostagno record\u00f3 la organizaci\u00f3n previa que requiri\u00f3 la edici\u00f3n 109 de la Expo y asegur\u00f3 que hoy \u201cnos encontramos atravesando un puente ligeramente curvo que tuvo un inicio visible y determinado, pero que nos exige subir cada tramo con mesura y responsabilidad. Hasta que no alcancemos su punto m\u00e1s alto, no sabemos c\u00f3mo va a ser la llegada\u201d, dijo en clara referencia a la situaci\u00f3n que atraviesa el sector productivo.<\/p>\n<p>El presidente de la Sociedad Rural hizo referencia a la realidad de la lecher\u00eda y confirm\u00f3 la preocupaci\u00f3n en torno a esa actividad. \u201cSe lo hemos hecho saber al subsecretario de lecher\u00eda de la Naci\u00f3n en cada una de sus visitas a la entidad: no estamos viendo la otra orilla. Una enorme cantidad de vacas son desplazadas de nuestros campos para ocupar lugares en c\u00e1maras frigor\u00edficas y a\u00fan m\u00e1s grave es que, paralelamente, los trabajadores abandonan los campos traslad\u00e1ndose a pueblos y ciudades en busca de oportunidades laborales que tampoco sobran. La lecher\u00eda, emblema y sost\u00e9n productivo de nuestra regi\u00f3n, es la cadena de valor m\u00e1s afectada por el desequilibrio y la falta de equidad entre sus eslabones\u201d, remarc\u00f3.<\/p>\n<p>Por \u00faltimo, en el marco de un repaso por actividades recientemente concretadas por la instituci\u00f3n que preside, se refiri\u00f3 a \u201cla entrega de cr\u00e9ditos rotatorios a productores afectados por la tormenta del mes de febrero por un monto total de $ 3.500.000 que oportunamente fuera solicitado al gobierno provincial y que por decisi\u00f3n del ministro Contigiani y la gesti\u00f3n invalorable del secretario de Lecher\u00eda, Pedro Morini, pudo concretarse\u201d. Aunque reconoci\u00f3 que \u201cno resuelve totalmente los da\u00f1os\u201d, dijo que \u201cviene a cubrir un vac\u00edo existente en materia de seguros del sector\u201d.<\/p>\n<p>A su turno, Vionet destac\u00f3 que a diferencia de a\u00f1os anteriores, a nivel nacional \u201cvivimos un clima diferente, de trato cordial, no confrontativo y de di\u00e1logo, donde discrepar no es ser el enemigo y el objetivo de nuestras instituciones es proponer. Hemos terminado definitivamente con la l\u00f3gica amigo-enemigo. Las instituciones que representamos al sector agropecuario volvemos, lentamente, a ocupar lugares que hab\u00edamos perdido\u201d.<\/p>\n<p>Respecto de la relaci\u00f3n con las autoridades del ministerio de la Producci\u00f3n de la provincia, mencion\u00f3 que \u201ctenemos un di\u00e1logo constructivo y sincero sobre las necesidades reales\u201d y destac\u00f3 que \u201cescuchan nuestras propuestas\u201d. En ese marco, agradeci\u00f3 \u201cla predisposici\u00f3n y el fortalecimiento institucional que est\u00e1 haciendo la provincia con la ayuda a cada una de las exposiciones rurales que se realizan, que son \u00e1mbitos de encuentro\u201d.<\/p>\n<p>En cuanto a la emergencia h\u00eddrica, el dirigente de Carsfe record\u00f3 que \u201cnuestra provincia en su totalidad ha sido golpeada fuertemente en el mes de abril por el tema clim\u00e1tico\u201d. En ese marco, se\u00f1al\u00f3 que se explic\u00f3 esa situaci\u00f3n y la magnitud de las p\u00e9rdidas a los gobiernos y los bancos. \u201cDurante esos 30 d\u00edas, el gobierno provincial estuvo a la altura de las circunstancias y el gobierno nacional homolog\u00f3 la emergencia agropecuaria, m\u00e1s all\u00e1 de que esa ley hoy sea insuficiente por los costos que maneja\u201d.<\/p>\n<p>Por \u00faltimo, expres\u00f3 que asume \u201cla defensa de los peque\u00f1os productores, particularmente los tamberos en esta zona, porque queremos producir leche pero manteniendo la vida de nuestros pueblos y comunidades. Queremos que el esp\u00edritu santafesino, que vive en el interior, siga siendo la gu\u00eda de nuestro modelo de crecimiento y desarrollo; un desarrollo inclusivo, para todos y para todas las regiones\u201d.<\/p>\n","protected":false},"excerpt":{"rendered":"<p>Este domingo, qued\u00f3 inaugurada de forma oficial la 109\u00aa edici\u00f3n de la Expo Rural de Rafaela y la Regi\u00f3n, con la presencia del gobernador de Santa Fe, Miguel Lifschitz, que particip\u00f3 de la ceremonia principal<\/p>\n","protected":false},"author":5,"featured_media":0,"comment_status":"open","ping_status":"open","sticky":false,"template":"","format":"standard","meta":[],"categories":[14],"tags":[3112,2244,678,2358,327],"_links":{"self":[{"href":"http:\/\/rurallascolonias.com.ar\/index.php?rest_route=\/wp\/v2\/posts\/11566"}],"collection":[{"href":"http:\/\/rurallascolonias.com.ar\/index.php?rest_route=\/wp\/v2\/posts"}],"about":[{"href":"http:\/\/rurallascolonias.com.ar\/index.php?rest_route=\/wp\/v2\/types\/post"}],"author":[{"embeddable":true,"href":"http:\/\/rurallascolonias.com.ar\/index.php?rest_route=\/wp\/v2\/users\/5"}],"replies":[{"embeddable":true,"href":"http:\/\/rurallascolonias.com.ar\/index.php?rest_route=%2Fwp%2Fv2%2Fcomments&post=11566"}],"version-history":[{"count":1,"href":"http:\/\/rurallascolonias.com.ar\/index.php?rest_route=\/wp\/v2\/posts\/11566\/revisions"}],"predecessor-version":[{"id":11568,"href":"http:\/\/rurallascolonias.com.ar\/index.php?rest_route=\/wp\/v2\/posts\/11566\/revisions\/11568"}],"wp:attachment":[{"href":"http:\/\/rurallascolonias.com.ar\/index.php?rest_route=%2Fwp%2Fv2%2Fmedia&parent=11566"}],"wp:term":[{"taxonomy":"category","embeddable":true,"href":"http:\/\/rurallascolonias.com.ar\/index.php?rest_route=%2Fwp%2Fv2%2Fcategories&post=11566"},{"taxonomy":"post_tag","embeddable":true,"href":"http:\/\/rurallascolonias.com.ar\/index.php?rest_route=%2Fwp%2Fv2%2Ftags&post=11566"}],"curies":[{"name":"wp","href":"https:\/\/api.w.org\/{rel}","templated":true}]}}