{"id":11554,"date":"2016-08-05T10:12:28","date_gmt":"2016-08-05T10:12:28","guid":{"rendered":"http:\/\/rurallascolonias.com.ar\/?p=11554"},"modified":"2016-08-05T17:14:00","modified_gmt":"2016-08-05T17:14:00","slug":"quieren-declarar-la-emergencia-economica-y-financiera-para-el-sector-lechero","status":"publish","type":"post","link":"http:\/\/rurallascolonias.com.ar\/?p=11554","title":{"rendered":"Quieren declarar la emergencia econ\u00f3mica y financiera para el sector lechero"},"content":{"rendered":"<p><strong><em><a href=\"http:\/\/rurallascolonias.com.ar\/?attachment_id=11555\" rel=\"attachment wp-att-11555\"><img loading=\"lazy\" class=\"alignleft size-full wp-image-11555\" src=\"http:\/\/rurallascolonias.com.ar\/wp-content\/uploads\/2016\/08\/CASA\u00d1AS.jpg\" alt=\"CASA\u00d1AS\" width=\"298\" height=\"200\" \/><\/a>El vicepresidente 2\u00ba de la Comisi\u00f3n de Agricultura y Ganader\u00eda, Juan Casa\u00f1as, busca crear un plan para beneficiar al sector durante un a\u00f1o<\/em><\/strong><!--more--><\/p>\n<p>El diputado Juan Casa\u00f1as (Bloque del Bicentenario-Tucum\u00e1n) present\u00f3 un proyecto para declarar la emergencia econ\u00f3mica y financiera para el sector lechero, por el t\u00e9rmino de 365 d\u00edas.<\/p>\n<p>El vicepresidente 2\u00ba de la Comisi\u00f3n de Agricultura y Ganader\u00eda expres\u00f3 que \u201caunque cueste creerlo, en un pa\u00eds con tradici\u00f3n ganadera, nos encontramos sumidos en una crisis de los productores tamberos, que no solamente cobran miseria por su leche, sino que adem\u00e1s hoy padecen las consecuencias de inclemencias clim\u00e1ticas que los castigaron duramente\u201d.<\/p>\n<p>\u201cEn esta situaci\u00f3n casi terminal, necesitamos tener herramientas para atender con acciones inmediatas y efectivas, por eso proponemos declarar la emergencia por 365 d\u00edas para el sector\u201d, consider\u00f3 el legislador.<\/p>\n<p>Casa\u00f1as se\u00f1al\u00f3 que las pol\u00edticas kirchneristas de los \u00faltimos a\u00f1os \u201chan condenado a los tamberos\u201d. \u201cSistem\u00e1ticamente han deso\u00eddo sus pedidos y han permitido que la diferencia entre lo que cobran los productores por la leche fluida y lo que pagan los consumidores en las g\u00f3ndolas sea fenomenal; por lo que sumieron a los primeros en un proceso lento de endeudamiento y descapitalizaci\u00f3n, mientras los segundos est\u00e1n tambi\u00e9n desprotegidos\u201d, agreg\u00f3.<\/p>\n<p>Y continu\u00f3: \u201cesto a\u00fan no se ha revertido. Por eso, el Estado debe asumir un rol protag\u00f3nico urgente para contrarrestar los efectos de esta crisis\u201d. El diputado explic\u00f3 que los aumentos en los costos de producci\u00f3n, los combustibles y la energ\u00eda, sumados a las inclemencias clim\u00e1ticas en provincias como Santa Fe, por ejemplo, \u201cprovocaron un c\u00f3ctel explosivo para la actividad\u201d.<\/p>\n<p>El legislador argument\u00f3 que \u201ccon este proyecto buscamos otorgarle al Ejecutivo las herramientas de asistencia y reparaci\u00f3n urgentes, tal como requiere esta situaci\u00f3n\u201d.<\/p>\n<p>\u201cEs el Estado nacional el que tiene que tenderle una mano a los productores, especialmente a los m\u00e1s peque\u00f1os, para resguardar la producci\u00f3n nacional, el abastecimiento de l\u00e1cteos en el mercado interno, estimular el desarrollo de las econom\u00edas regionales y proteger los casi 85.000 puestos de trabajo que la actividad genera\u201d, concluy\u00f3 Casa\u00f1as.<\/p>\n<p>La propuesta planea que a trav\u00e9s de la declaraci\u00f3n de la emergencia por un a\u00f1o, el Poder Ejecutivo, por intermedio del Ministerio de Agroindustria, pueda elaborar un Plan de Contingencia Econ\u00f3mica Financiera (con la posibilidad de que los productores, organizaciones, universidades u otros organismos p\u00fablicos participen de su redacci\u00f3n) para hacer frente a la crisis.<\/p>\n<p>Propone crear un Registro \u00danico de Productores lecheros damnificados para acceder a los beneficios fiscales y econ\u00f3micos. Otorga a Agroindustria un c\u00famulo de herramientas para asistir a los tamberos, como subsidios directos e indirectos, instrumentaci\u00f3n de l\u00edneas de cr\u00e9ditos especiales con tasas bonificadas y un plazo de gracia de un a\u00f1o como m\u00ednimo, exenciones impositivas, compensaciones fiscales, entre otros. Adem\u00e1s, el proyecto prev\u00e9 la posibilidad de suspender el inicio del juicio o procedimiento administrativo por el cobro de acreencias que adeuden los productores lecheros damnificados.<\/p>\n<p>http:\/\/www.parlamentario.com\/<\/p>\n","protected":false},"excerpt":{"rendered":"<p>El vicepresidente 2\u00ba de la Comisi\u00f3n de Agricultura y Ganader\u00eda, Juan Casa\u00f1as, busca crear un plan para beneficiar al sector durante un a\u00f1o<\/p>\n","protected":false},"author":5,"featured_media":0,"comment_status":"open","ping_status":"open","sticky":false,"template":"","format":"standard","meta":[],"categories":[14],"tags":[2324,3106,522,3107,2536,2876],"_links":{"self":[{"href":"http:\/\/rurallascolonias.com.ar\/index.php?rest_route=\/wp\/v2\/posts\/11554"}],"collection":[{"href":"http:\/\/rurallascolonias.com.ar\/index.php?rest_route=\/wp\/v2\/posts"}],"about":[{"href":"http:\/\/rurallascolonias.com.ar\/index.php?rest_route=\/wp\/v2\/types\/post"}],"author":[{"embeddable":true,"href":"http:\/\/rurallascolonias.com.ar\/index.php?rest_route=\/wp\/v2\/users\/5"}],"replies":[{"embeddable":true,"href":"http:\/\/rurallascolonias.com.ar\/index.php?rest_route=%2Fwp%2Fv2%2Fcomments&post=11554"}],"version-history":[{"count":1,"href":"http:\/\/rurallascolonias.com.ar\/index.php?rest_route=\/wp\/v2\/posts\/11554\/revisions"}],"predecessor-version":[{"id":11556,"href":"http:\/\/rurallascolonias.com.ar\/index.php?rest_route=\/wp\/v2\/posts\/11554\/revisions\/11556"}],"wp:attachment":[{"href":"http:\/\/rurallascolonias.com.ar\/index.php?rest_route=%2Fwp%2Fv2%2Fmedia&parent=11554"}],"wp:term":[{"taxonomy":"category","embeddable":true,"href":"http:\/\/rurallascolonias.com.ar\/index.php?rest_route=%2Fwp%2Fv2%2Fcategories&post=11554"},{"taxonomy":"post_tag","embeddable":true,"href":"http:\/\/rurallascolonias.com.ar\/index.php?rest_route=%2Fwp%2Fv2%2Ftags&post=11554"}],"curies":[{"name":"wp","href":"https:\/\/api.w.org\/{rel}","templated":true}]}}