{"id":11542,"date":"2016-08-04T17:02:28","date_gmt":"2016-08-04T17:02:28","guid":{"rendered":"http:\/\/rurallascolonias.com.ar\/?p=11542"},"modified":"2016-08-04T17:02:28","modified_gmt":"2016-08-04T17:02:28","slug":"reflexiones-y-aportes-de-un-tambero-desterrado-a-mi-presidente","status":"publish","type":"post","link":"http:\/\/rurallascolonias.com.ar\/?p=11542","title":{"rendered":"\u201cReflexiones y aportes de un tambero desterrado a mi Presidente\u201d"},"content":{"rendered":"<p><strong><em><a href=\"http:\/\/rurallascolonias.com.ar\/?attachment_id=11543\" rel=\"attachment wp-att-11543\"><img loading=\"lazy\" class=\"aligncenter wp-image-11543 size-medium\" src=\"http:\/\/rurallascolonias.com.ar\/wp-content\/uploads\/2016\/08\/carta-300x127.jpg\" alt=\"carta\" width=\"300\" height=\"127\" srcset=\"http:\/\/rurallascolonias.com.ar\/wp-content\/uploads\/2016\/08\/carta-300x127.jpg 300w, http:\/\/rurallascolonias.com.ar\/wp-content\/uploads\/2016\/08\/carta-600x253.jpg 600w, http:\/\/rurallascolonias.com.ar\/wp-content\/uploads\/2016\/08\/carta-624x264.jpg 624w, http:\/\/rurallascolonias.com.ar\/wp-content\/uploads\/2016\/08\/carta.jpg 748w\" sizes=\"(max-width: 300px) 100vw, 300px\" \/><\/a>Carta abierta de un \u201ctambero desterrado\u201d dirigida al presidente de la Naci\u00f3n, Mauricio Macri. Sugerencias y aportes de un productor que debi\u00f3 dejar la actividad<\/em><\/strong><!--more--><\/p>\n<div align=\"justify\"><strong>Guillermo Mariano Lynen<\/strong>, un ex productor tambero nos hizo llegar esta carta dirigida al presidente de la Naci\u00f3n, <strong>Mauricio Macr<\/strong>i. En ella <strong>Lynen <\/strong>explica que \u00e9l vivi\u00f3 hace a\u00f1os la situaci\u00f3n que hoy est\u00e1 viviendo varios productores tamberos y que por ello siente la necesidad de sugerirle algunos aportes para<em> \u00abmodificar la crisis terminal que afecta al productor lechera de nuestro pa\u00eds\u00bb.<\/em><\/div>\n<div align=\"justify\">\nAqu\u00ed la carta completa:<\/div>\n<p align=\"right\">\n<p align=\"justify\"><em>Sr. Presidente de la Naci\u00f3n Argentina &#8211;<strong> Ing. Mauricio Macri<\/strong><\/em><\/p>\n<p align=\"justify\"><em>PRESENTE<\/em><\/p>\n<p align=\"justify\"><em>Buenos d\u00edas sr. <strong>Presidente<\/strong>; mi nombre es <strong>Guillermo Mariano Lynen<\/strong>; DNI 16.455.759, a trav\u00e9s de este medio (&#8230;) me es grato comunicarme con usted a fin de aportar humildemente algunas sugerencias y\/o soluciones para modificar la<strong> CRISIS TERMINAL<\/strong> que afecta al productor lechero de nuestro pa\u00eds. Me tomo este atrevimiento principalmente por dos motivos. En primer lugar porque he <strong>VIVIDO EN CARNE PROPIA<\/strong> la terrible marca que deja en uno haber perdido las vacas lecheras que con tanto cari\u00f1o y sacrificio a criado (en la mayor\u00eda desde su gestaci\u00f3n) y el desarraigo familiar que representa abandonar la querencia. En segundo lugar con much\u00edsimo dolor <strong>OBSERVO LA REALIDAD<\/strong> y m\u00e1s all\u00e1 de las buenas intenciones que poseen sus equipos t\u00e9cnicos, los hechos superan el discurso aunque nos cueste reconocerlo. Situaciones tales como las mencionadas a continuaci\u00f3n solo reafirman lo expresado en el p\u00e1rrafo anterior:<\/em><\/p>\n<p align=\"justify\"><em>-1) Todav\u00eda est\u00e1 en mi memoria la enorme cantidad de vacas Holando argentino que se ve\u00edan en la exposici\u00f3n de Palermo, por ejemplo en el a\u00f1o 70 se presentaron 500 animales y este a\u00f1o apenas ocho animales.<\/em><\/p>\n<p align=\"justify\"><em>-2) El mismo <strong>INTA <\/strong>habla de un costo de producci\u00f3n de $5,30, mientras que a los tamberos se les paga aproximadamente $3,80, obviamente la diferencia de $1,50 peso por litro hace inviable la actividad empresarial y si a ello le sumamos los inconvenientes clim\u00e1ticos de los \u00faltimos tiempos, la solo existencia de tambos en funcionamiento tiene como causa la <strong>GRAN PASION<\/strong> que uno tiene por la actividad productiva m\u00e1s all\u00e1 de la rentabilidad.<br \/>\n<\/em><\/p>\n<p align=\"justify\"><em>-3) El incremento notorio en los remates feria de vacas Holando (hasta un 50%), hace pensar que repetiremos la historia ya vivida con el rodeo de carne, m\u00e1s all\u00e1 del descarte natural que sufre cualquiera de estas actividades. Una<strong> VACA MENOS<\/strong> son <strong>VARIOS TERNEROS MENOS<\/strong> y ello no se soluciona de la noche a la ma\u00f1ana m\u00e1xime en esta actividad donde la inversi\u00f3n en gen\u00e9tica ha sido muy importante y hoy la estamos desperdiciando.<br \/>\n<\/em><\/p>\n<p align=\"justify\"><em>-4) Que todas las entidades de productores sea cual fuere su origen y representatividad coincidan en un diagn\u00f3stico de pesimismo total indica claramente que algo <strong>NO ESTA FUNCIONANDO<\/strong>.<\/em><\/p>\n<p align=\"justify\"><em>Por esto y tantas otras situaciones heredades de gestiones anteriores perm\u00edtame decirle lo siguiente; m\u00e1s all\u00e1 de esta panorama complicado y en base a mi propia experiencia de vida (tengo 53 a\u00f1os) <strong>ESTOY CONVENCIDO QUE EXISTEN SOLUCIONES<\/strong> y brevemente enumerare alguna de ellas;<\/em><\/p>\n<p align=\"justify\"><em>-Sincerar la intermediaci\u00f3n y evitar los abusos que hoy sufren tanto el consumidor como el tambero.<br \/>\n<\/em><\/p>\n<p align=\"justify\"><em>-Disminuir a cero la presi\u00f3n tributaria en casos de desastres meteorol\u00f3gicos.<br \/>\n<\/em><\/p>\n<p align=\"justify\"><em>-Incentivar el desarrollo de usinas regionales y\/o micro plantas pasteurizadoras que abastezcan el interior del pa\u00eds y as\u00ed evitar costos log\u00edsticos innecesarios.<br \/>\n<\/em><\/p>\n<p align=\"justify\"><em>-Desarrollar los subproductos como el biog\u00e1s a fin de obtener energ\u00eda de bajo costo para localidades peque\u00f1as y\/o alejadas de los grandes centros urbanos.<br \/>\n<\/em><\/p>\n<p align=\"justify\"><em>-Modificaci\u00f3n del r\u00e9gimen impositivo rural ya que el mismo es totalmente anacr\u00f3nico y obsoleto en lo referente al sector agroalimenticio, desalentando la inversi\u00f3n a largo plazo (vientres, mejoras ed\u00e1ficas, etc) e incentivando solamente el cortoplacismo del cereal en seis meses.<br \/>\n<\/em><\/p>\n<p align=\"justify\"><em>Por \u00faltimo perm\u00edtame asegurarle mi <strong>TOTAL Y COMPLETO APOYO <\/strong>a la gesti\u00f3n que usted y su equipo est\u00e1n desarrollando, soy consciente de la compleja situaci\u00f3n que ustedes heredaron. Pero convencido que nuestro hermoso pa\u00eds tiene una <strong>NUEVA OPORTUNIDAD<\/strong> para insertarse en el mundo a trav\u00e9s de los alimentos con valor agregado en origen, perm\u00edtame hablarle con el coraz\u00f3n y realizarle un<\/em> SINCERO y CALIDO<em> aporte personal al solo fin que mi experiencia personal no se repita y posibilite sortear exitosamente los desaf\u00edos concretos que presenta el sector lechero, porque en caso contrario \u00abnuestros tambos de hoy no se conviertan en futuras taperas abandonadas\u00bb. Como dice nuestro Martin Fierro \u00abQue los hermanos sean unidos porque esa es la ley primera, que haya uni\u00f3n verdadera en cualquier tiempo que sea, porque si entre ellos se pelean, los devoraran los de ajuera\u00bb.<\/em><\/p>\n<p align=\"justify\"><em>Atte. Guillermo Mariano Lynen &#8211; 1562130861<\/em><\/p>\n<p align=\"justify\">Redacci\u00f3n Infortambo.com.ar<\/p>\n<p>&nbsp;<\/p>\n","protected":false},"excerpt":{"rendered":"<p>Carta abierta de un \u201ctambero desterrado\u201d dirigida al presidente de la Naci\u00f3n, Mauricio Macri. Sugerencias y aportes de un productor que debi\u00f3 dejar la actividad<\/p>\n","protected":false},"author":5,"featured_media":0,"comment_status":"open","ping_status":"open","sticky":false,"template":"","format":"standard","meta":[],"categories":[14],"tags":[418,790,3098,1777],"_links":{"self":[{"href":"http:\/\/rurallascolonias.com.ar\/index.php?rest_route=\/wp\/v2\/posts\/11542"}],"collection":[{"href":"http:\/\/rurallascolonias.com.ar\/index.php?rest_route=\/wp\/v2\/posts"}],"about":[{"href":"http:\/\/rurallascolonias.com.ar\/index.php?rest_route=\/wp\/v2\/types\/post"}],"author":[{"embeddable":true,"href":"http:\/\/rurallascolonias.com.ar\/index.php?rest_route=\/wp\/v2\/users\/5"}],"replies":[{"embeddable":true,"href":"http:\/\/rurallascolonias.com.ar\/index.php?rest_route=%2Fwp%2Fv2%2Fcomments&post=11542"}],"version-history":[{"count":1,"href":"http:\/\/rurallascolonias.com.ar\/index.php?rest_route=\/wp\/v2\/posts\/11542\/revisions"}],"predecessor-version":[{"id":11544,"href":"http:\/\/rurallascolonias.com.ar\/index.php?rest_route=\/wp\/v2\/posts\/11542\/revisions\/11544"}],"wp:attachment":[{"href":"http:\/\/rurallascolonias.com.ar\/index.php?rest_route=%2Fwp%2Fv2%2Fmedia&parent=11542"}],"wp:term":[{"taxonomy":"category","embeddable":true,"href":"http:\/\/rurallascolonias.com.ar\/index.php?rest_route=%2Fwp%2Fv2%2Fcategories&post=11542"},{"taxonomy":"post_tag","embeddable":true,"href":"http:\/\/rurallascolonias.com.ar\/index.php?rest_route=%2Fwp%2Fv2%2Ftags&post=11542"}],"curies":[{"name":"wp","href":"https:\/\/api.w.org\/{rel}","templated":true}]}}