{"id":11502,"date":"2016-08-02T10:33:12","date_gmt":"2016-08-02T10:33:12","guid":{"rendered":"http:\/\/rurallascolonias.com.ar\/?p=11502"},"modified":"2016-08-02T11:36:13","modified_gmt":"2016-08-02T11:36:13","slug":"productores-lecheros-de-cordoba-se-suman-a-la-protesta-santafesina","status":"publish","type":"post","link":"http:\/\/rurallascolonias.com.ar\/?p=11502","title":{"rendered":"Productores lecheros de C\u00f3rdoba se suman a la protesta santafesina"},"content":{"rendered":"<p><strong><em><a href=\"http:\/\/rurallascolonias.com.ar\/?attachment_id=11503\" rel=\"attachment wp-att-11503\"><img loading=\"lazy\" class=\"aligncenter size-full wp-image-11503\" src=\"http:\/\/rurallascolonias.com.ar\/wp-content\/uploads\/2016\/08\/Productores-lecheros-de-Cordoba-300x267.jpg\" alt=\"Productores-lecheros-de-Cordoba-300x267\" width=\"300\" height=\"267\" \/><\/a>En Las Varillas, la Caprolec resolvi\u00f3 esta tarde acompa\u00f1ar las medidas de fuerza lanzadas por la Mesa de productores de Santa Fe. Ser\u00e1 el mi\u00e9rcoles, en Rafaela<\/em><\/strong><!--more--><\/p>\n<p>Luego de reunirse hoy en Las Varillas, los integrantes de la Comisi\u00f3n Directiva de la C\u00e1mara de Productores de Leche de C\u00f3rdoba (Caprolec) resolvieron adherir y apoyar las medidas de protesta propuestas por la Mesa de Productores de Leche de Santa Fe (Meprolsafe) y dem\u00e1s entidades en el reclamo sectorial.<\/p>\n<p>La manifestaci\u00f3n se realizar\u00e1 el pr\u00f3ximo mi\u00e9rcoles 3 de agosto, de 10 a 12.30, en la intersecci\u00f3n de la ruta nacional 34 y la avenida Ernesto Salva, frente a la Nueva Terminal de \u00d3mnibus de la ciudad de Rafaela.<\/p>\n<p>\u201cLos productores lecheros nos estaremos manifestando por la falta de inter\u00e9s que existe en el Gobierno Nacional para resolver la crisis terminal que sufre el sector de la producci\u00f3n tambera\u201d, se\u00f1alaron en un comunicado desde la Caprolec.<\/p>\n<p>Y agregan: \u201cInvitamos a todos los productores a acompa\u00f1arnos en el reclamo para tratar de frenar esta situaci\u00f3n de quebranto, con la consiguiente desaparici\u00f3n de tambos\u201d.<\/p>\n<p>Esta previsto que en el marco de la protesta se reparta alrededor de 2000 litros de leche, a raz\u00f3n de 1 litro por persona o grupo familiar, y que se entreguen alfajores para los m\u00e1s peque\u00f1os.<\/p>\n<p>\u201cNecesitamos del apoyo a trav\u00e9s de la participaci\u00f3n de todos\u201d, reza la convocatoria.<\/p>\n<p>http:\/\/www.puntal.com.ar<\/p>\n","protected":false},"excerpt":{"rendered":"<p>En Las Varillas, la Caprolec resolvi\u00f3 esta tarde acompa\u00f1ar las medidas de fuerza lanzadas por la Mesa de productores de Santa Fe. Ser\u00e1 el mi\u00e9rcoles, en Rafaela<\/p>\n","protected":false},"author":5,"featured_media":0,"comment_status":"open","ping_status":"open","sticky":false,"template":"","format":"standard","meta":[],"categories":[14],"tags":[682,268,312,374,3010,3094],"_links":{"self":[{"href":"http:\/\/rurallascolonias.com.ar\/index.php?rest_route=\/wp\/v2\/posts\/11502"}],"collection":[{"href":"http:\/\/rurallascolonias.com.ar\/index.php?rest_route=\/wp\/v2\/posts"}],"about":[{"href":"http:\/\/rurallascolonias.com.ar\/index.php?rest_route=\/wp\/v2\/types\/post"}],"author":[{"embeddable":true,"href":"http:\/\/rurallascolonias.com.ar\/index.php?rest_route=\/wp\/v2\/users\/5"}],"replies":[{"embeddable":true,"href":"http:\/\/rurallascolonias.com.ar\/index.php?rest_route=%2Fwp%2Fv2%2Fcomments&post=11502"}],"version-history":[{"count":1,"href":"http:\/\/rurallascolonias.com.ar\/index.php?rest_route=\/wp\/v2\/posts\/11502\/revisions"}],"predecessor-version":[{"id":11504,"href":"http:\/\/rurallascolonias.com.ar\/index.php?rest_route=\/wp\/v2\/posts\/11502\/revisions\/11504"}],"wp:attachment":[{"href":"http:\/\/rurallascolonias.com.ar\/index.php?rest_route=%2Fwp%2Fv2%2Fmedia&parent=11502"}],"wp:term":[{"taxonomy":"category","embeddable":true,"href":"http:\/\/rurallascolonias.com.ar\/index.php?rest_route=%2Fwp%2Fv2%2Fcategories&post=11502"},{"taxonomy":"post_tag","embeddable":true,"href":"http:\/\/rurallascolonias.com.ar\/index.php?rest_route=%2Fwp%2Fv2%2Ftags&post=11502"}],"curies":[{"name":"wp","href":"https:\/\/api.w.org\/{rel}","templated":true}]}}