{"id":11492,"date":"2016-08-01T10:34:48","date_gmt":"2016-08-01T10:34:48","guid":{"rendered":"http:\/\/rurallascolonias.com.ar\/?p=11492"},"modified":"2016-08-01T14:39:32","modified_gmt":"2016-08-01T14:39:32","slug":"para-sammartino-el-tambero-recibe-el-27-del-precio-final-de-la-leche-en-gondola","status":"publish","type":"post","link":"http:\/\/rurallascolonias.com.ar\/?p=11492","title":{"rendered":"Para Sammartino, el tambero recibe el 27% del precio final de la leche en g\u00f3ndola"},"content":{"rendered":"<p><em><strong><a href=\"http:\/\/rurallascolonias.com.ar\/?attachment_id=11493\" rel=\"attachment wp-att-11493\"><img loading=\"lazy\" class=\"aligncenter wp-image-11493 size-medium\" src=\"http:\/\/rurallascolonias.com.ar\/wp-content\/uploads\/2016\/08\/sammartino-960-300x133.jpg\" alt=\"sammartino-960\" width=\"300\" height=\"133\" srcset=\"http:\/\/rurallascolonias.com.ar\/wp-content\/uploads\/2016\/08\/sammartino-960-300x133.jpg 300w, http:\/\/rurallascolonias.com.ar\/wp-content\/uploads\/2016\/08\/sammartino-960-600x266.jpg 600w, http:\/\/rurallascolonias.com.ar\/wp-content\/uploads\/2016\/08\/sammartino-960-624x277.jpg 624w, http:\/\/rurallascolonias.com.ar\/wp-content\/uploads\/2016\/08\/sammartino-960.jpg 631w\" sizes=\"(max-width: 300px) 100vw, 300px\" \/><\/a>El subsecretario de Lecher\u00eda asegur\u00f3 que\u00a0desde el Gobierno Nacional se est\u00e1 investigando si en la cadena de valor del producto existen \u00ababusos de poder y carterizaci\u00f3n\u00bb de los actores<\/strong><\/em><!--more--><\/p>\n<p>El subsecretario de Lecher\u00eda de la Naci\u00f3n, Alejandro Sanmartino, sostuvo que durante su gesti\u00f3n se logr\u00f3 llevar la participaci\u00f3n del tambero en el precio final de leche en g\u00f3ndola a un 27% y que desde el Gobierno nacional se est\u00e1 investigando si en la cadena de valor del producto existen \u00ababusos de poder y carterizaci\u00f3n\u00bb de los actores.<\/p>\n<p>\u00abEn t\u00e9rminos de participaci\u00f3n de los precios al productor logramos estar hoy alrededor del 27%, a comparaci\u00f3n de cuando empezamos nuestra gesti\u00f3n, que se encontraba en un 19%, y esto tiene que ver con el ordenamiento del mercado interno y empezar a trabajar en procurar en sacar los excedentes afuera y no desordenarnos\u00bb, indic\u00f3 el funcionario nacional desde el stand que posee el Ministerio de Agroindustria en la Exposici\u00f3n Rural de Palermo.<\/p>\n<p>\u00abNosotros al sector le hemos aportado compensaciones, l\u00edneas de financiamiento, con lo cual el precio se ha venido recuperando, pero esperamos que ya en el segundo semestre, con la recuperaci\u00f3n econ\u00f3mica, podamos recibir mejores n\u00fameros en precios\u00bb, explic\u00f3 Sanmartino en referencia a la fuerte crisis que atraviesa el sector lechero.<\/p>\n<p>\u00abDesde que asumimos hace 151 d\u00edas estamos trabajando en un plan que tiene que ver con trabajar sobre la urgencia de un sector que estaba descapitalizado, endeudado y con quebrantos econ\u00f3micos, a lo que despu\u00e9s se le sumaron las inundaciones\u00bb.<\/p>\n<p>\u00abA continuaci\u00f3n hay que trabajar sobre lo estructural y buscar soluciones definitivas a largo plazo. Esto tiene que ver m\u00e1s con las transparencia, la previsibilidad, reducir la brecha de la informaci\u00f3n y productiva. Esas son las dos l\u00edneas que estamos trabajando\u00bb, explic\u00f3.<\/p>\n<p>\u00abLa falta de transparencia fue una de las principales problem\u00e1ticas que denunciaron los productores tamberos, lo cual Sanmartino consider\u00f3 como \u00abentendible\u00bb y que dicho \u00abdiagn\u00f3stico es compartido\u00bb, a la vez que explic\u00f3 que \u00abvenimos de una gesti\u00f3n anterior, en la cual el anterior Gobierno kirchnerista promovi\u00f3 la carterizaci\u00f3n para pisar el precio al productor, a la vez que amenazaban con aplicar retenciones sino acordaban con eso y que lleg\u00f3 a bajar contenedores de quesos de los barcos\u00bb.<\/p>\n<p>Seg\u00fan Sanmartino, la consecuencia de dicha gesti\u00f3n \u00abpromovi\u00f3 y exacerb\u00f3 toda la comercializaci\u00f3n: hay que mirar la cantidad de metros cuadrados que tenemos en los hipermercados\u00bb.<\/p>\n<p>El funcionario nacional consider\u00f3 que la soluci\u00f3n a la crisis lechera \u00abno va a ser f\u00e1cil, pero ya hemos dado los primeros pasos: en primer lugar trabajamos sobre lo que es posible, que son las herramientas legales que tenemos a disposici\u00f3n, como la Comisi\u00f3n Nacional de Defensa de la Competencia\u00bb.<\/p>\n<p>\u00abAdem\u00e1s, hace dos meses iniciamos la primera investigaci\u00f3n dentro de las once cadenas agroalimentarias que determin\u00f3 el Gobierno de la Naci\u00f3n por los indicios de distorsi\u00f3n para descubrir abusos de poder y de carterizaci\u00f3n\u00bb, agreg\u00f3.<\/p>\n<p>En cuanto a la presentaci\u00f3n de proyectos de ley realizada el mi\u00e9rcoles por diputados agrupados en el frente UNA, Gen y el partido Socialista sobre establecer un precio sost\u00e9n para el productor por litro de leche, Sanmartino indic\u00f3 que \u00abesos son los proyectos que cada diez a\u00f1os aparecen muy complejos de resolver, porque nadie duda que el productor tiene que participar en forma equitativa del precio final en g\u00f3ndola pero hay formas y formas\u00bb.<\/p>\n<p>\u00abNo compartimos, ante la complejidad de la cadena, esa definici\u00f3n taxativa, porque es una definici\u00f3n demasiado simple, pero de todas maneras vamos a seguir trabajando con todos los actores haber si encontramos una formula\u00bb, concluy\u00f3.<\/p>\n<p>Fuente: Infocampo<\/p>\n","protected":false},"excerpt":{"rendered":"<p>El subsecretario de Lecher\u00eda asegur\u00f3 que\u00a0desde el Gobierno Nacional se est\u00e1 investigando si en la cadena de valor del producto existen \u00ababusos de poder y carterizaci\u00f3n\u00bb de los actores<\/p>\n","protected":false},"author":5,"featured_media":0,"comment_status":"open","ping_status":"open","sticky":false,"template":"","format":"standard","meta":[],"categories":[46],"tags":[2470,1474,47,3091,1777],"_links":{"self":[{"href":"http:\/\/rurallascolonias.com.ar\/index.php?rest_route=\/wp\/v2\/posts\/11492"}],"collection":[{"href":"http:\/\/rurallascolonias.com.ar\/index.php?rest_route=\/wp\/v2\/posts"}],"about":[{"href":"http:\/\/rurallascolonias.com.ar\/index.php?rest_route=\/wp\/v2\/types\/post"}],"author":[{"embeddable":true,"href":"http:\/\/rurallascolonias.com.ar\/index.php?rest_route=\/wp\/v2\/users\/5"}],"replies":[{"embeddable":true,"href":"http:\/\/rurallascolonias.com.ar\/index.php?rest_route=%2Fwp%2Fv2%2Fcomments&post=11492"}],"version-history":[{"count":1,"href":"http:\/\/rurallascolonias.com.ar\/index.php?rest_route=\/wp\/v2\/posts\/11492\/revisions"}],"predecessor-version":[{"id":11494,"href":"http:\/\/rurallascolonias.com.ar\/index.php?rest_route=\/wp\/v2\/posts\/11492\/revisions\/11494"}],"wp:attachment":[{"href":"http:\/\/rurallascolonias.com.ar\/index.php?rest_route=%2Fwp%2Fv2%2Fmedia&parent=11492"}],"wp:term":[{"taxonomy":"category","embeddable":true,"href":"http:\/\/rurallascolonias.com.ar\/index.php?rest_route=%2Fwp%2Fv2%2Fcategories&post=11492"},{"taxonomy":"post_tag","embeddable":true,"href":"http:\/\/rurallascolonias.com.ar\/index.php?rest_route=%2Fwp%2Fv2%2Ftags&post=11492"}],"curies":[{"name":"wp","href":"https:\/\/api.w.org\/{rel}","templated":true}]}}