{"id":11477,"date":"2016-07-28T18:12:26","date_gmt":"2016-07-28T18:12:26","guid":{"rendered":"http:\/\/rurallascolonias.com.ar\/?p=11477"},"modified":"2016-07-29T16:21:27","modified_gmt":"2016-07-29T16:21:27","slug":"preven-una-version-leve-de-la-nina-para-fin-de-ano","status":"publish","type":"post","link":"http:\/\/rurallascolonias.com.ar\/?p=11477","title":{"rendered":"Prev\u00e9n una versi\u00f3n leve de \u00abLa Ni\u00f1a\u00bb para fin de a\u00f1o"},"content":{"rendered":"<p><strong><em><a href=\"http:\/\/rurallascolonias.com.ar\/?attachment_id=11478\" rel=\"attachment wp-att-11478\"><img loading=\"lazy\" class=\"aligncenter size-full wp-image-11478\" src=\"http:\/\/rurallascolonias.com.ar\/wp-content\/uploads\/2016\/07\/La-Ni\u00f1a-2.jpg\" alt=\"La Ni\u00f1a 2\" width=\"337\" height=\"149\" srcset=\"http:\/\/rurallascolonias.com.ar\/wp-content\/uploads\/2016\/07\/La-Ni\u00f1a-2.jpg 337w, http:\/\/rurallascolonias.com.ar\/wp-content\/uploads\/2016\/07\/La-Ni\u00f1a-2-300x133.jpg 300w\" sizes=\"(max-width: 337px) 100vw, 337px\" \/><\/a>Hay entre un 50 y un 65 por ciento de probabilidades de que el fen\u00f3meno meteorol\u00f3gico se produzca antes de ese periodo<\/em><\/strong><!--more--><\/p>\n<p>El fen\u00f3meno meteorol\u00f3gico de \u00abLa Ni\u00f1a\u00bb -opuesto a \u00abEl Ni\u00f1o\u00bb, que tuvo efectos devastadores en distintas zonas del mundo entre 2015 y los primeros meses de 2016- se producir\u00e1 probablemente en el tercer trimestre de este a\u00f1o, pero su intensidad ser\u00e1 menor que en ocasiones anteriores, inform\u00f3 la Organizaci\u00f3n Mundial de la Meteorolog\u00eda (OMM), seg\u00fan publica T\u00e9lam.<\/p>\n<p>Seg\u00fan advirti\u00f3 el organismo, hay entre un 50 y un 65 por ciento de probabilidades de que \u00abLa Ni\u00f1a\u00bb se produzca antes de los tres \u00faltimos meses del a\u00f1o, aunque advirtieron que el fen\u00f3meno no tendr\u00e1 una intensidad comparable a \u00abEl Ni\u00f1o\u00bb sufrido este a\u00f1o.<\/p>\n<p>\u00abTenemos que esperar a ver c\u00f3mo se desarrolla el fen\u00f3meno en los pr\u00f3ximos meses, ya que aunque el oc\u00e9ano est\u00e1 preparado para &#8216;La Ni\u00f1a&#8217;, la atm\u00f3sfera parece que a\u00fan no\u00bb, dijo en una rueda de prensa el jefe de la Divisi\u00f3n de Servicios y Aplicaciones del Clima Mundial de la OMM, Rupa Kumar Kolli.<\/p>\n<p>Ambos fen\u00f3menos meteorol\u00f3gicos son el resultado de las fases opuestas de interacci\u00f3n entre la atm\u00f3sfera y el oc\u00e9ano Pac\u00edfico (incremento o bajada de la temperatura del agua) y tienen efectos opuestos en el clima de diferentes lugares del mundo.<\/p>\n<p>As\u00ed, mientras que \u00abEl Ni\u00f1o\u00bb se produce cuando hay un incremento de las temperaturas, lo que tiene diferentes efectos en cada regi\u00f3n del mundo, \u00abLa Ni\u00f1a\u00bb contribuye a una baja de dichas temperaturas.<\/p>\n<p>De modo que aquellas zonas que sufrieron sequ\u00edas por \u00abEl Ni\u00f1o\u00bb tienden a registrar precipitaciones por encima de la media con \u00abLa Ni\u00f1a\u00bb, o viceversa.<\/p>\n<p>Hist\u00f3ricamente, \u00abEl Ni\u00f1o\u00bb fue sucedido por \u00abLa Ni\u00f1a\u00bb, especialmente luego de un episodio intenso, aunque no siempre ocurre, seg\u00fan apuntan desde la OMM.<\/p>\n<p>El \u00faltimo fen\u00f3meno de \u00abEl Ni\u00f1o\u00bb que tuvo lugar entre 2015 y 2016 fue el m\u00e1s intenso reportado hasta el momento, lo que contribuy\u00f3 a que, en el mismo per\u00edodo, las temperaturas hayan sido las mayores registradas a nivel global.<\/p>\n<p>Los primeros seis meses de 2016 fueron los m\u00e1s calurosos de la historia, lo que seg\u00fan la OMM apunta a que ser\u00e1 el a\u00f1o m\u00e1s caliente en el planeta pese a los posibles efectos refrescantes de \u00abLa Ni\u00f1a\u00bb.<\/p>\n<p>Fuente: Infocampo<\/p>\n","protected":false},"excerpt":{"rendered":"<p>Hay entre un 50 y un 65 por ciento de probabilidades de que el fen\u00f3meno meteorol\u00f3gico se produzca antes de ese periodo<\/p>\n","protected":false},"author":5,"featured_media":0,"comment_status":"open","ping_status":"open","sticky":false,"template":"","format":"standard","meta":[],"categories":[40],"tags":[2717,3087],"_links":{"self":[{"href":"http:\/\/rurallascolonias.com.ar\/index.php?rest_route=\/wp\/v2\/posts\/11477"}],"collection":[{"href":"http:\/\/rurallascolonias.com.ar\/index.php?rest_route=\/wp\/v2\/posts"}],"about":[{"href":"http:\/\/rurallascolonias.com.ar\/index.php?rest_route=\/wp\/v2\/types\/post"}],"author":[{"embeddable":true,"href":"http:\/\/rurallascolonias.com.ar\/index.php?rest_route=\/wp\/v2\/users\/5"}],"replies":[{"embeddable":true,"href":"http:\/\/rurallascolonias.com.ar\/index.php?rest_route=%2Fwp%2Fv2%2Fcomments&post=11477"}],"version-history":[{"count":1,"href":"http:\/\/rurallascolonias.com.ar\/index.php?rest_route=\/wp\/v2\/posts\/11477\/revisions"}],"predecessor-version":[{"id":11479,"href":"http:\/\/rurallascolonias.com.ar\/index.php?rest_route=\/wp\/v2\/posts\/11477\/revisions\/11479"}],"wp:attachment":[{"href":"http:\/\/rurallascolonias.com.ar\/index.php?rest_route=%2Fwp%2Fv2%2Fmedia&parent=11477"}],"wp:term":[{"taxonomy":"category","embeddable":true,"href":"http:\/\/rurallascolonias.com.ar\/index.php?rest_route=%2Fwp%2Fv2%2Fcategories&post=11477"},{"taxonomy":"post_tag","embeddable":true,"href":"http:\/\/rurallascolonias.com.ar\/index.php?rest_route=%2Fwp%2Fv2%2Ftags&post=11477"}],"curies":[{"name":"wp","href":"https:\/\/api.w.org\/{rel}","templated":true}]}}