{"id":11473,"date":"2016-07-28T18:34:26","date_gmt":"2016-07-28T18:34:26","guid":{"rendered":"http:\/\/rurallascolonias.com.ar\/?p=11473"},"modified":"2016-07-29T11:48:57","modified_gmt":"2016-07-29T11:48:57","slug":"es-la-mas-dura-temporada-lechera-nunca-vista-director-de-fonterra","status":"publish","type":"post","link":"http:\/\/rurallascolonias.com.ar\/?p=11473","title":{"rendered":"Es la m\u00e1s dura temporada lechera nunca vista: Director de Fonterra"},"content":{"rendered":"<p><em><strong><a href=\"http:\/\/rurallascolonias.com.ar\/?attachment_id=11474\" rel=\"attachment wp-att-11474\"><img loading=\"lazy\" class=\"alignleft size-full wp-image-11474\" src=\"http:\/\/rurallascolonias.com.ar\/wp-content\/uploads\/2016\/07\/Es-la-mas-dura-temporada-lechera-nunca-vista-300x300.jpg\" alt=\"Es-la-mas-dura-temporada-lechera-nunca-vista-300x300\" width=\"300\" height=\"300\" srcset=\"http:\/\/rurallascolonias.com.ar\/wp-content\/uploads\/2016\/07\/Es-la-mas-dura-temporada-lechera-nunca-vista-300x300.jpg 300w, http:\/\/rurallascolonias.com.ar\/wp-content\/uploads\/2016\/07\/Es-la-mas-dura-temporada-lechera-nunca-vista-300x300-150x150.jpg 150w\" sizes=\"(max-width: 300px) 100vw, 300px\" \/><\/a>El Director Senior de Fonterra para Australia ha dicho un foro Agroindustria en Gippsland que la \u00faltima temporada de l\u00e1cteos ha sido la m\u00e1s dura que jam\u00e1s hab\u00eda visto<\/strong><\/em><!--more--><\/p>\n<p>El director de ventas de Ingredientes y abastecimiento de productos mundiales de Fonterra para el Sudeste Asi\u00e1tico, Fabricio Jorge, dijo que pas\u00f3 15 a\u00f1os con el gigante de fabricaci\u00f3n, Nestl\u00e9, antes de unirse a la compa\u00f1\u00eda de Nueva Zelanda.<\/p>\n<p>\u201cEste es un momento de tormenta perfecta, para los productores de leche, por la situaci\u00f3n econ\u00f3mica y geopol\u00edtica\u201d, dijo Jorge.<\/p>\n<p>La desaceleraci\u00f3n de la econom\u00eda china, junto con el crecimiento significativo de la producci\u00f3n l\u00e1ctea europea y la ca\u00edda de los precios del petr\u00f3leo han llevado a la crisis del sector l\u00e1cteo de Australia y el mundo.<\/p>\n<p>Hay que tener en cuenta que \u201cChina es el quinto mayor productor de leche del mundo, con 35 mil millones de litros al a\u00f1o y mientras todav\u00eda est\u00e1 consumiendo una gran cantidad de leche china, est\u00e1 importando menos\u201d, dijo.<\/p>\n<p>La guerra en Siria \u2013 el \u201cfactor de Isis\u201d \u2013 hab\u00eda completado mercados devastadas en esa regi\u00f3n.<\/p>\n<p>\u201cMucha gente no pod\u00eda pronosticar d\u00f3nde estar\u00eda el mercado mundial\u201d, dijo Jorge.<\/p>\n<p>La volatilidad de los mercados de productos l\u00e1cteos hab\u00eda llegado para quedarse, ya que el mundo se hizo m\u00e1s conectado.<\/p>\n<p>Dijo adem\u00e1s que era dif\u00edcil de entender la correlaci\u00f3n entre lo que estaba ocurriendo en un pa\u00eds como Argelia y los proveedores australianos.<\/p>\n<p>Pero Europa, que hab\u00eda producido 10 mil millones de litros de leche, a partir de 2014, era un \u201cvendedor agresivo\u201d en el Medio Oriente, China y el sudeste asi\u00e1tico.<\/p>\n<p>\u201cLa competencia real que estamos viviendo de Australia, es de Europa \u2013 que est\u00e1 experimentando una competencia sin precedentes\u201d, dijo.<\/p>\n<p>\u201cUsted ve que Europa es un vendedor muy agresivo en nuestros mercados claves.<\/p>\n<p>\u201cLa mayor\u00eda de nosotros pensamos que es m\u00e1s caro para exportar desde Europa a Asia Sudoriental, pero un contenedor de Amsterdam cuesta 30 por ciento menos que un contenedor de Melbourne.\u201d<\/p>\n<p>Traducci\u00f3n de Dami\u00e1n Morais para www.lecherialatina.com<\/p>\n","protected":false},"excerpt":{"rendered":"<p>El Director Senior de Fonterra para Australia ha dicho un foro Agroindustria en Gippsland que la \u00faltima temporada de l\u00e1cteos ha sido la m\u00e1s dura que jam\u00e1s hab\u00eda visto<\/p>\n","protected":false},"author":5,"featured_media":0,"comment_status":"open","ping_status":"open","sticky":false,"template":"","format":"standard","meta":[],"categories":[14],"tags":[3084,3085,660,2533,3086],"_links":{"self":[{"href":"http:\/\/rurallascolonias.com.ar\/index.php?rest_route=\/wp\/v2\/posts\/11473"}],"collection":[{"href":"http:\/\/rurallascolonias.com.ar\/index.php?rest_route=\/wp\/v2\/posts"}],"about":[{"href":"http:\/\/rurallascolonias.com.ar\/index.php?rest_route=\/wp\/v2\/types\/post"}],"author":[{"embeddable":true,"href":"http:\/\/rurallascolonias.com.ar\/index.php?rest_route=\/wp\/v2\/users\/5"}],"replies":[{"embeddable":true,"href":"http:\/\/rurallascolonias.com.ar\/index.php?rest_route=%2Fwp%2Fv2%2Fcomments&post=11473"}],"version-history":[{"count":1,"href":"http:\/\/rurallascolonias.com.ar\/index.php?rest_route=\/wp\/v2\/posts\/11473\/revisions"}],"predecessor-version":[{"id":11475,"href":"http:\/\/rurallascolonias.com.ar\/index.php?rest_route=\/wp\/v2\/posts\/11473\/revisions\/11475"}],"wp:attachment":[{"href":"http:\/\/rurallascolonias.com.ar\/index.php?rest_route=%2Fwp%2Fv2%2Fmedia&parent=11473"}],"wp:term":[{"taxonomy":"category","embeddable":true,"href":"http:\/\/rurallascolonias.com.ar\/index.php?rest_route=%2Fwp%2Fv2%2Fcategories&post=11473"},{"taxonomy":"post_tag","embeddable":true,"href":"http:\/\/rurallascolonias.com.ar\/index.php?rest_route=%2Fwp%2Fv2%2Ftags&post=11473"}],"curies":[{"name":"wp","href":"https:\/\/api.w.org\/{rel}","templated":true}]}}