{"id":11465,"date":"2016-07-28T16:43:12","date_gmt":"2016-07-28T16:43:12","guid":{"rendered":"http:\/\/rurallascolonias.com.ar\/?p=11465"},"modified":"2016-07-28T16:43:12","modified_gmt":"2016-07-28T16:43:12","slug":"cra-piensa-que-sammartino-deberia-irse-nos-gustaria-alguien-mas-expeditivo-y-de-la-produccion","status":"publish","type":"post","link":"http:\/\/rurallascolonias.com.ar\/?p=11465","title":{"rendered":"CRA piensa que Sammartino deber\u00eda irse: \u201cnos gustar\u00eda alguien m\u00e1s expeditivo y de la producci\u00f3n\u00bb"},"content":{"rendered":"<h2><strong><em><a href=\"http:\/\/rurallascolonias.com.ar\/?attachment_id=10563\" rel=\"attachment wp-att-10563\"><img loading=\"lazy\" class=\"alignleft size-full wp-image-10563\" src=\"http:\/\/rurallascolonias.com.ar\/wp-content\/uploads\/2016\/04\/CHIESA-2.jpg\" alt=\"CHIESA 2\" width=\"299\" height=\"169\" \/><\/a>Su presidente, Dardo Chiesa, critic\u00f3 la gesti\u00f3n del actual Subsecretario de Lecher\u00eda. \u201cCuando uno no encuentra la soluci\u00f3n, tiene que ser ayudado o tiene que venir otro que vea los problemas desde otro \u00e1ngulo\u201d, indic\u00f3<\/em><\/strong><\/h2>\n<p><!--more--><\/p>\n<p>El presidente de Confederaciones Rurales Argentinas, (CRA), Dardo Chiesa, manifest\u00f3 su disconformidad con la falta de respuestas por parte de la Subsecretar\u00eda de Lecher\u00eda de la Naci\u00f3n, a cargo de Alejandro Sammartino. \u201cSiempre da vueltas y estamos con los mismos problemas y me parece que cuando uno no encuentra la soluci\u00f3n tiene que ser ayudado o tiene que venir otro que lo vea desde otro \u00e1ngulo\u201d, afirm\u00f3 a<strong>Nuestro Agro<\/strong>. Y remarc\u00f3: \u201ca m\u00ed me gustar\u00eda alguien mucho m\u00e1s expeditivo y mucho m\u00e1s cerca de la producci\u00f3n\u201d.<\/p>\n<p>Si bien el dirigente reconoci\u00f3 el poco tiempo de gesti\u00f3n que lleva Sammartino, aclar\u00f3 que \u201clos tiempos de la Subsecretar\u00eda de Lecher\u00eda, con productores que est\u00e1n perdiendo plata y desaparecen hoy, son distintos\u201d. Y se\u00f1al\u00f3: \u201cuno tiene que actuar como si las monedas que se van fueran propias y ah\u00ed vamos a ver c\u00f3mo los tiempos cambian\u201d.<\/p>\n<p>Chiesa particip\u00f3 de la presentaci\u00f3n del proyecto de ley de Lecher\u00eda llevada a cabo en la Rural de Palermo. Elaborado por el diputado del Frente Renovador Gilberto Alegre, la iniciativa debe ser tratada en el Congreso pero cuenta con apoyo del Frente Progesista C\u00edvico y Social y tambi\u00e9n de GEN, partido que encabeza Margarita Stolbizer.<\/p>\n<p><strong>Fuente: Nuestro Agro<\/strong><\/p>\n","protected":false},"excerpt":{"rendered":"<p>Su presidente, Dardo Chiesa, critic\u00f3 la gesti\u00f3n del actual Subsecretario de Lecher\u00eda. \u201cCuando uno no encuentra la soluci\u00f3n, tiene que ser ayudado o tiene que venir otro que vea los problemas desde otro \u00e1ngulo\u201d, indic\u00f3<\/p>\n","protected":false},"author":5,"featured_media":0,"comment_status":"open","ping_status":"open","sticky":false,"template":"","format":"standard","meta":[],"categories":[14],"tags":[2355],"_links":{"self":[{"href":"http:\/\/rurallascolonias.com.ar\/index.php?rest_route=\/wp\/v2\/posts\/11465"}],"collection":[{"href":"http:\/\/rurallascolonias.com.ar\/index.php?rest_route=\/wp\/v2\/posts"}],"about":[{"href":"http:\/\/rurallascolonias.com.ar\/index.php?rest_route=\/wp\/v2\/types\/post"}],"author":[{"embeddable":true,"href":"http:\/\/rurallascolonias.com.ar\/index.php?rest_route=\/wp\/v2\/users\/5"}],"replies":[{"embeddable":true,"href":"http:\/\/rurallascolonias.com.ar\/index.php?rest_route=%2Fwp%2Fv2%2Fcomments&post=11465"}],"version-history":[{"count":1,"href":"http:\/\/rurallascolonias.com.ar\/index.php?rest_route=\/wp\/v2\/posts\/11465\/revisions"}],"predecessor-version":[{"id":11466,"href":"http:\/\/rurallascolonias.com.ar\/index.php?rest_route=\/wp\/v2\/posts\/11465\/revisions\/11466"}],"wp:attachment":[{"href":"http:\/\/rurallascolonias.com.ar\/index.php?rest_route=%2Fwp%2Fv2%2Fmedia&parent=11465"}],"wp:term":[{"taxonomy":"category","embeddable":true,"href":"http:\/\/rurallascolonias.com.ar\/index.php?rest_route=%2Fwp%2Fv2%2Fcategories&post=11465"},{"taxonomy":"post_tag","embeddable":true,"href":"http:\/\/rurallascolonias.com.ar\/index.php?rest_route=%2Fwp%2Fv2%2Ftags&post=11465"}],"curies":[{"name":"wp","href":"https:\/\/api.w.org\/{rel}","templated":true}]}}