{"id":11462,"date":"2016-07-28T16:41:20","date_gmt":"2016-07-28T16:41:20","guid":{"rendered":"http:\/\/rurallascolonias.com.ar\/?p=11462"},"modified":"2016-07-28T16:41:20","modified_gmt":"2016-07-28T16:41:20","slug":"un-nuevo-proyecto-de-ley-de-lecheria-y-mucho-por-recorrer","status":"publish","type":"post","link":"http:\/\/rurallascolonias.com.ar\/?p=11462","title":{"rendered":"Un nuevo proyecto de Ley de Lecher\u00eda y mucho por recorrer"},"content":{"rendered":"<p><strong><em><a href=\"http:\/\/rurallascolonias.com.ar\/?attachment_id=11463\" rel=\"attachment wp-att-11463\"><img loading=\"lazy\" class=\"alignleft size-full wp-image-11463\" src=\"http:\/\/rurallascolonias.com.ar\/wp-content\/uploads\/2016\/07\/ALEGRE.jpg\" alt=\"ALEGRE\" width=\"320\" height=\"213\" srcset=\"http:\/\/rurallascolonias.com.ar\/wp-content\/uploads\/2016\/07\/ALEGRE.jpg 320w, http:\/\/rurallascolonias.com.ar\/wp-content\/uploads\/2016\/07\/ALEGRE-300x200.jpg 300w\" sizes=\"(max-width: 320px) 100vw, 320px\" \/><\/a>EL DIPUTADO DEL FRENTE RENOVADOR, GILBERTO ALEGRE, QUE PRESIDE LA COMISI\u00d3N DE AGRICULTURA NACIONAL PRESENT\u00d3 UN PROYECTO DONDE SE ABORDA EL \u00abPRECIO SOST\u00c9N\u00bb Y LOS CONTRATOS<\/em><\/strong><!--more--><\/p>\n<div>Que la lecher\u00eda necesita reglas claras ya no es una novedad. Si el sector se valiera de la normativa vigente en comercio, la cosa se simplificar\u00eda mucho, pero se cree desde algunos sectores que la \u00fanica manera es tener una ley exclusiva, que aclare los tantos. El intento que se hab\u00eda dado en 2009 y no conform\u00f3 a las mayor\u00edas, en la producci\u00f3n y mucho menos en la industria, dej\u00f3 adormecida una intenci\u00f3n que ahora la intenta recuperar el diputado nacional bonaerense por el Frente Renovador, Gilberto Alegre.<br \/>\nLos lineamientos generales indican que este \u00abR\u00e9gimen de fortalecimiento para la sustentabilidad del sector\u00bb se inicia con que \u00abtoda la cadena l\u00e1ctea deber\u00e1 sostener los ingresos de la producci\u00f3n de leche de los tambos\u00bb. En su segundo art\u00edculo llama a la creaci\u00f3n de un \u00absistema de precio sost\u00e9n flotante obligatorio para la leche cruda salida del tambo, que recibir\u00e1 el productor, y ser\u00e1 aplicado en todo el territorio nacional al denominado usualmente por la cadena como \u00b4precio leche tranquera\u00b4\u00bb. Seguido as\u00ed porque \u00abel precio sost\u00e9n as\u00ed fijado, no podr\u00e1 ser inferior al 30 % del valor litro equivalente leche total del sistema que vende la cadena l\u00e1ctea en su conjunto\u00bb.<br \/>\nEn el Art\u00edculo 4\u00b0, \u00ablas personas jur\u00eddicas o f\u00edsicas podr\u00e1n instrumentar contratos de compra de \u00b4leche tranquera\u00b4 con los tamberos por un plazo superior a los 12 meses, el cual funcionara como un sistema de est\u00edmulos para la integraci\u00f3n y estabilidad de la cadena, fij\u00e1ndose para ello un precio de compra que no podr\u00e1 superar el 32 % del valor litro equivalente leche total del sistema que vende la cadena l\u00e1ctea en su conjunto\u00bb.<br \/>\nA continuaci\u00f3n en el quinto apartado, \u00abel precio sost\u00e9n flotante fijado en art\u00edculo 3, y el fijado para los contratos por plazos superiores a 12 meses establecido en el art\u00edculo 4, tendr\u00e1n una duraci\u00f3n de (3) tres a\u00f1os\u00bb, siendo la autoridad de aplicaci\u00f3n el Ministerio de Agroindustria a trav\u00e9s de la Subsecretar\u00eda de Lecher\u00eda, quien \u00abdeterminar\u00e1 a partir del cuarto a\u00f1o los nuevos porcentajes indicados en el art\u00edculo 5 de la presente ley los cuales deber\u00e1n ajustarse cada cuatro meses\u00bb. En el art\u00edculo octavo se menciona que \u00abla autoridad de aplicaci\u00f3n, instrumentar\u00e1 los mecanismos para realizar los estudios econ\u00f3micos de la cadena, para la determinaci\u00f3n del sistema de precio de referencia. Asimismo, proceder\u00e1 a instrumentar la comunicaci\u00f3n y difusi\u00f3n de los precios de la leche pagada por el consumidor, y coordinar\u00e1 con la Secretar\u00eda de Comercio, la instrumentaci\u00f3n y el cumplimiento de lo establecido en los art\u00edculos 3 y 4\u00bb. Finalmente, \u00abcr\u00e9ase la Comisi\u00f3n Nacional L\u00e1ctea en jurisdicci\u00f3n del Ministerio de Agroindustria de la Naci\u00f3n, la cual estar\u00e1 integrada por representantes de la cadena de valor, cuyas actuaciones ser\u00e1n ad honoren. La Comisi\u00f3n tendr\u00e1 funciones consultivas y velar\u00e1 por el desarrollo competitivo y la transparencia de la cadena\u00bb.<\/div>\n<div><\/div>\n<div><strong>Precio flotante<\/strong><\/div>\n<div><\/div>\n<div>En di\u00e1logo con\u00a0<strong>CASTELLANOS<\/strong>, Alegre detall\u00f3 que \u00abm\u00e1s all\u00e1 de ser un hombre de campo, mi primera visi\u00f3n era que este Gobierno hab\u00eda otorgado muchos beneficios y mucho dinero que pod\u00edan resolver el problema de la lecher\u00eda, pero esto no era as\u00ed. Una vez que se plantea el conflicto entre las entidades y el Ministerio (en la reuni\u00f3n fallida del 7 de julio), desde la Comisi\u00f3n de Agricultura, pens\u00e9 que deb\u00edamos presentar un proyecto que satisfaga las demandas del sector\u00bb.<br \/>\n\u00abHay que dejar de pelear por la protecci\u00f3n de la renta y hay que pasar a un sistema de colaboraci\u00f3n entre los distintas partes del sector, por lo tanto el proyecto promueve que el precio que se le paga al tambero en tranquera debe salir de la cadena. Para eso establecimos que los productores deben percibir un m\u00ednimo flotante y obligatorio en todo el pa\u00eds que equivalga al 30 por ciento del valor de la leche que se vende en g\u00f3ndola\u00bb, que hoy parte de algo m\u00e1s de 15 pesos en sachet y 18 en tretra pack.<br \/>\n\u00abCuando hablamos de l\u00e1cteos, que tienen mucho valor, hacerlos pelear a los productores por un subsidio no tiene sentido, porque deben recibir un precio justo por lo que producen y lo que hacen\u00bb, se\u00f1al\u00f3 el titular de la Comisi\u00f3n de Agricultura, Ganader\u00eda y Pesca de la C\u00e1mara de Diputados de la Naci\u00f3n, abogando por \u00abtratar de evitar que este sector esencial de la econom\u00eda del interior del pa\u00eds sufra un deterioro dif\u00edcil de suplir\u00bb.<br \/>\nEn referencia a la industria, la idea de aplicar contratos es para asegurar el abastecimiento de leche y a la vez un valor para la materia prima, en consecuencia.<br \/>\nCon las intervenciones heredadas del Gobierno anterior, \u00ablo que est\u00e1 ocurriendo hoy en la cadena hay que revertirlo porque no es favorable para hacer rentable a la producci\u00f3n l\u00e1ctea\u00bb.<br \/>\nLo interesante es que Gilberto Alegre est\u00e1 abierto a generarle al proyecto los cambios necesarios para que tenga el mayor de los consensos en la cadena l\u00e1ctea, lo cual no es tan com\u00fan en la pol\u00edtica nacional actual. Luego de reuniones con entidades y modificaciones en marcha, \u00abest\u00e1 claro que la aprobaci\u00f3n tiene que ser r\u00e1pida para la Ley, para que haya pronto una soluci\u00f3n\u00bb, concluye.<\/div>\n<div><\/div>\n<div><strong>Apreciaciones<\/strong><\/div>\n<div><\/div>\n<div>Consultando a estudiosos de la materia lechera en cuanto a sus reglas y cuestiones te\u00f3ricas, se remarca que adem\u00e1s de la Ley de Lecher\u00eda que promueven los senadores santafesinos y que ahora debatir\u00e1n los diputados, hay algunos puntos fundamentales a contemplar.<br \/>\nLo que se destaca es que legalmente no se puede obligar a un privado a pagar un valor por un objeto o servicio, por sobre su voluntad. Adem\u00e1s, debe existir en rigor de los derechos, una responsabilidad \u00faltima del Estado sobre esos valores sugeridos, que adem\u00e1s deber\u00edan estar dados sobre el c\u00e1lculo de un mix de productos que no sea fijos, sino que puedan actualizarse al menos quincenalmente, teniendo en cuenta toda la estructura de formaci\u00f3n de precios que surge desde la demanda.<br \/>\nEs posible pensar en un mercado lechero formal, como lo tienen los granos y la carne, con un Estado que de las condiciones para esto, pero no se tiene que ver a este espacio de poder como el mediador de la inquietudes de todas las partes, m\u00e1s a\u00fan cuando se trata de una cuesti\u00f3n de rentabilidad que tiene en cada uno de sus integrantes una mirada diferente en base a las necesidades.<br \/>\nLa oportunidad de pensarlo queda abierta. De salir una Ley lechera, que sea lo m\u00e1s completa posible, pero a la vez simplificada, para que su puesta en marcha no encuentre m\u00e1s escollos de los que tiene ahora el sector.<\/div>\n<div><\/div>\n<div>Elida Thiery<\/div>\n","protected":false},"excerpt":{"rendered":"<p>EL DIPUTADO DEL FRENTE RENOVADOR, GILBERTO ALEGRE, QUE PRESIDE LA COMISI\u00d3N DE AGRICULTURA NACIONAL PRESENT\u00d3 UN PROYECTO DONDE SE ABORDA EL \u00abPRECIO SOST\u00c9N\u00bb Y LOS CONTRATOS<\/p>\n","protected":false},"author":5,"featured_media":0,"comment_status":"open","ping_status":"open","sticky":false,"template":"","format":"standard","meta":[],"categories":[33],"tags":[89],"_links":{"self":[{"href":"http:\/\/rurallascolonias.com.ar\/index.php?rest_route=\/wp\/v2\/posts\/11462"}],"collection":[{"href":"http:\/\/rurallascolonias.com.ar\/index.php?rest_route=\/wp\/v2\/posts"}],"about":[{"href":"http:\/\/rurallascolonias.com.ar\/index.php?rest_route=\/wp\/v2\/types\/post"}],"author":[{"embeddable":true,"href":"http:\/\/rurallascolonias.com.ar\/index.php?rest_route=\/wp\/v2\/users\/5"}],"replies":[{"embeddable":true,"href":"http:\/\/rurallascolonias.com.ar\/index.php?rest_route=%2Fwp%2Fv2%2Fcomments&post=11462"}],"version-history":[{"count":1,"href":"http:\/\/rurallascolonias.com.ar\/index.php?rest_route=\/wp\/v2\/posts\/11462\/revisions"}],"predecessor-version":[{"id":11464,"href":"http:\/\/rurallascolonias.com.ar\/index.php?rest_route=\/wp\/v2\/posts\/11462\/revisions\/11464"}],"wp:attachment":[{"href":"http:\/\/rurallascolonias.com.ar\/index.php?rest_route=%2Fwp%2Fv2%2Fmedia&parent=11462"}],"wp:term":[{"taxonomy":"category","embeddable":true,"href":"http:\/\/rurallascolonias.com.ar\/index.php?rest_route=%2Fwp%2Fv2%2Fcategories&post=11462"},{"taxonomy":"post_tag","embeddable":true,"href":"http:\/\/rurallascolonias.com.ar\/index.php?rest_route=%2Fwp%2Fv2%2Ftags&post=11462"}],"curies":[{"name":"wp","href":"https:\/\/api.w.org\/{rel}","templated":true}]}}