{"id":11459,"date":"2016-07-28T10:36:02","date_gmt":"2016-07-28T10:36:02","guid":{"rendered":"http:\/\/rurallascolonias.com.ar\/?p=11459"},"modified":"2016-07-28T16:38:39","modified_gmt":"2016-07-28T16:38:39","slug":"productores-lecheros-afirmaron-que-esta-crisis-es-la-peor-en-toda-la-historia-del-sector","status":"publish","type":"post","link":"http:\/\/rurallascolonias.com.ar\/?p=11459","title":{"rendered":"Productores lecheros afirmaron que \u201cesta crisis es la peor en toda la historia\u201d del sector"},"content":{"rendered":"<p><em><strong><a href=\"http:\/\/rurallascolonias.com.ar\/?attachment_id=11460\" rel=\"attachment wp-att-11460\"><img loading=\"lazy\" class=\"aligncenter size-full wp-image-11460\" src=\"http:\/\/rurallascolonias.com.ar\/wp-content\/uploads\/2016\/07\/tambo-3.jpg\" alt=\"tambo 3\" width=\"251\" height=\"140\" \/><\/a>Marcelo Aimaro, de la Mesa Provincial de Prodcutores, dijo que el sector de comercializaci\u00f3n \u201cse est\u00e1 llevando la mayor parte\u201d de las ganancias<\/strong><\/em><!--more--><\/p>\n<p>Marcelo Aimaro, de la Mesa Provincial de Prodcutores, dijo que el sector de comercializaci\u00f3n \u201cse est\u00e1 llevando la mayor parte\u201d de las ganancias.<\/p>\n<p>Tamberos santafesinos realizar\u00e1n una protesta en la ciudad de Rafaela el 3 de agosto. Consistir\u00e1 en la distribuci\u00f3n gratuita de leche para difundir la dif\u00edcil situaci\u00f3n que atraviesa el sector.<\/p>\n<p>Marcelo Aimaro, integrante de la Mesa Provincial de Productores Lecheros, se\u00f1al\u00f3 a La Ocho que el sector de comercializaci\u00f3n \u201cse est\u00e1 llevando la mayor parte\u201d, y reclam\u00f3 la intervenci\u00f3n del gobierno \u201cpara regular la actividad\u201d.<\/p>\n<p>En declaraciones al programa \u201cEl primero de la ma\u00f1ana\u201d, Aimaro se\u00f1al\u00f3: \u201cLa crisis es la peor de toda la historia de la lecher\u00eda, con un peso cincuenta baj\u00f3 el costo y le pedimos al Estado nacional que lo recupere, que est\u00e1 en la cadena y que hay una eslab\u00f3n de la cadena que se lo est\u00e1 llevando y que no corresponde\u201d.<\/p>\n<p>En ese sentido, el representante de los productores remarc\u00f3: \u201cNosotros creemos, por los estudio que la misma Subsecretar\u00eda mostr\u00f3, que es la comercializaci\u00f3n la que se lleva la mayor parte. Para ejemplificar: en la cadena los productores nos llevamos 39 mil millones de pesos y la comercializaci\u00f3n 38 mil millones. Hay un desfasaje que hay que corregir. Si no es as\u00ed los productores vamos hacia el camino de cambiar de actividad. El achicamiento de la lecher\u00eda ser\u00e1 mucho mayor del que ya se est\u00e1n dando por e problema clim\u00e1tico que ya hemos tenido\u201d.<\/p>\n<p>\u201cEsta actividad hay que regularla. Hay poner reglas claras de juego\u201d, dijo.<\/p>\n<p>http:\/\/www.lacapital.com.ar<\/p>\n","protected":false},"excerpt":{"rendered":"<p>Marcelo Aimaro, de la Mesa Provincial de Prodcutores, dijo que el sector de comercializaci\u00f3n \u201cse est\u00e1 llevando la mayor parte\u201d de las ganancias<\/p>\n","protected":false},"author":5,"featured_media":0,"comment_status":"open","ping_status":"open","sticky":false,"template":"","format":"standard","meta":[],"categories":[42],"tags":[900,2782,268,2852,312,2876],"_links":{"self":[{"href":"http:\/\/rurallascolonias.com.ar\/index.php?rest_route=\/wp\/v2\/posts\/11459"}],"collection":[{"href":"http:\/\/rurallascolonias.com.ar\/index.php?rest_route=\/wp\/v2\/posts"}],"about":[{"href":"http:\/\/rurallascolonias.com.ar\/index.php?rest_route=\/wp\/v2\/types\/post"}],"author":[{"embeddable":true,"href":"http:\/\/rurallascolonias.com.ar\/index.php?rest_route=\/wp\/v2\/users\/5"}],"replies":[{"embeddable":true,"href":"http:\/\/rurallascolonias.com.ar\/index.php?rest_route=%2Fwp%2Fv2%2Fcomments&post=11459"}],"version-history":[{"count":1,"href":"http:\/\/rurallascolonias.com.ar\/index.php?rest_route=\/wp\/v2\/posts\/11459\/revisions"}],"predecessor-version":[{"id":11461,"href":"http:\/\/rurallascolonias.com.ar\/index.php?rest_route=\/wp\/v2\/posts\/11459\/revisions\/11461"}],"wp:attachment":[{"href":"http:\/\/rurallascolonias.com.ar\/index.php?rest_route=%2Fwp%2Fv2%2Fmedia&parent=11459"}],"wp:term":[{"taxonomy":"category","embeddable":true,"href":"http:\/\/rurallascolonias.com.ar\/index.php?rest_route=%2Fwp%2Fv2%2Fcategories&post=11459"},{"taxonomy":"post_tag","embeddable":true,"href":"http:\/\/rurallascolonias.com.ar\/index.php?rest_route=%2Fwp%2Fv2%2Ftags&post=11459"}],"curies":[{"name":"wp","href":"https:\/\/api.w.org\/{rel}","templated":true}]}}