{"id":11452,"date":"2016-07-27T10:52:53","date_gmt":"2016-07-27T10:52:53","guid":{"rendered":"http:\/\/rurallascolonias.com.ar\/?p=11452"},"modified":"2016-07-27T17:03:52","modified_gmt":"2016-07-27T17:03:52","slug":"las-asociaciones-rurales-necesitan-330-millones-de-dolares-para-revertir-la-situacion-de-crisis-en-los-tambos","status":"publish","type":"post","link":"http:\/\/rurallascolonias.com.ar\/?p=11452","title":{"rendered":"Las Asociaciones Rurales necesitan 330 millones de d\u00f3lares para revertir la situaci\u00f3n de crisis en los tambos"},"content":{"rendered":"<p><em><strong><a href=\"http:\/\/rurallascolonias.com.ar\/?attachment_id=3300\" rel=\"attachment wp-att-3300\"><img loading=\"lazy\" class=\"aligncenter size-full wp-image-3300\" src=\"http:\/\/rurallascolonias.com.ar\/wp-content\/uploads\/2014\/07\/tamberos-2.jpg\" alt=\"tamberos 2\" width=\"300\" height=\"168\" \/><\/a>Los tamberos de la regi\u00f3n solicitaron gestionar un cr\u00e9dito internacional. El monto ser\u00eda destinado a la recomposici\u00f3n de la producci\u00f3n l\u00e1ctea. \u00abMuchos tamberos ya est\u00e1n tomando la opci\u00f3n de dedicarse a otras actividades\u00bb, advirti\u00f3 el titular de la Confederaci\u00f3n de Asociaciones Rurales de la Provincia de Santa Fe<\/strong><\/em><!--more--><\/p>\n<p>El sector l\u00e1cteo,\u00a0con\u00a0epicentro en Santa Fe, sintetiza las dificultades que atraviesan las diferentes econom\u00edas regionales. Ante tal\u00a0situaci\u00f3n de crisis, el\u00a0<strong>Gobierno Provincial\u00a0deber\u00e1 gestionar un cr\u00e9dito internacional por unos 330 millones de d\u00f3lares<\/strong> para destinarlo a la recomposici\u00f3n de la producci\u00f3n l\u00e1ctea \u201cy as\u00ed generar herramientas de defensa en la empresa tambera\u201d, seg\u00fan explic\u00f3 por Ida y Vuelta (Radio de Noticias) el <strong>titular de la Confederaci\u00f3n de Asociaciones Rurales de Santa Fe, Gustavo Vionnet.<\/strong><\/p>\n<p>La \u00faltima de las afectaciones que sufri\u00f3 el sector fue lo que dej\u00f3 la emergencia h\u00eddrica. Con ella <strong>se perdi\u00f3 un 15% de animales<\/strong> y el <strong>da\u00f1o\u00a0de la lecher\u00eda alcanz\u00f3 los 760 millones de d\u00f3lares<\/strong>, seg\u00fan indica Carsfe.\u00a0\u201cLos tambos est\u00e1n atravesando un nivel de crisis y <strong>la producci\u00f3n ha ca\u00eddo de un 30 a 50%, lo que significa p\u00e9rdidas diarias de 2 millones de litros<\/strong>\u201c, se\u00f1al\u00f3 el representante de la Confederaci\u00f3n. Y agreg\u00f3: \u201clos productores han vendido animales para poder financiarse y muchos tamberos ya est\u00e1n pensando en la opci\u00f3n de dedicarse a otras actividades\u201d.<\/p>\n<p>Adem\u00e1s de la toma de cr\u00e9dito, para Vionnet deber\u00eda existir la posibilidad de <strong>institucionalizar el mercado l\u00e1cteo<\/strong> ya que seg\u00fan sus declaraciones \u201chay una cartelizaci\u00f3n industrial\u201d. Sobre esto, resalt\u00f3 la\u00a0<strong>distancia abismal en los precios<\/strong> desde que sale del campo hasta que llega a los comercios. \u201cNo se puede pagar un disparate en g\u00f3ndolas por productos como la leche y la carne\u201d, critic\u00f3 al tiempo que\u00a0<strong>requiri\u00f3 saber \u201cqui\u00e9n se est\u00e1 quedando con las ganancias\u201d.<\/strong><\/p>\n<p>Fuente: Edici\u00f3n L\u00edmite<\/p>\n","protected":false},"excerpt":{"rendered":"<p>Los tamberos de la regi\u00f3n solicitaron gestionar un cr\u00e9dito internacional. El monto ser\u00eda destinado a la recomposici\u00f3n de la producci\u00f3n l\u00e1ctea. \u00abMuchos tamberos ya est\u00e1n tomando la opci\u00f3n de dedicarse a otras actividades\u00bb, advirti\u00f3 el titular de la Confederaci\u00f3n de Asociaciones Rurales de la Provincia de Santa Fe<\/p>\n","protected":false},"author":5,"featured_media":0,"comment_status":"open","ping_status":"open","sticky":false,"template":"","format":"standard","meta":[],"categories":[14],"tags":[3081],"_links":{"self":[{"href":"http:\/\/rurallascolonias.com.ar\/index.php?rest_route=\/wp\/v2\/posts\/11452"}],"collection":[{"href":"http:\/\/rurallascolonias.com.ar\/index.php?rest_route=\/wp\/v2\/posts"}],"about":[{"href":"http:\/\/rurallascolonias.com.ar\/index.php?rest_route=\/wp\/v2\/types\/post"}],"author":[{"embeddable":true,"href":"http:\/\/rurallascolonias.com.ar\/index.php?rest_route=\/wp\/v2\/users\/5"}],"replies":[{"embeddable":true,"href":"http:\/\/rurallascolonias.com.ar\/index.php?rest_route=%2Fwp%2Fv2%2Fcomments&post=11452"}],"version-history":[{"count":1,"href":"http:\/\/rurallascolonias.com.ar\/index.php?rest_route=\/wp\/v2\/posts\/11452\/revisions"}],"predecessor-version":[{"id":11453,"href":"http:\/\/rurallascolonias.com.ar\/index.php?rest_route=\/wp\/v2\/posts\/11452\/revisions\/11453"}],"wp:attachment":[{"href":"http:\/\/rurallascolonias.com.ar\/index.php?rest_route=%2Fwp%2Fv2%2Fmedia&parent=11452"}],"wp:term":[{"taxonomy":"category","embeddable":true,"href":"http:\/\/rurallascolonias.com.ar\/index.php?rest_route=%2Fwp%2Fv2%2Fcategories&post=11452"},{"taxonomy":"post_tag","embeddable":true,"href":"http:\/\/rurallascolonias.com.ar\/index.php?rest_route=%2Fwp%2Fv2%2Ftags&post=11452"}],"curies":[{"name":"wp","href":"https:\/\/api.w.org\/{rel}","templated":true}]}}